{"id":11093,"date":"2024-04-25T19:58:00","date_gmt":"2024-04-25T19:58:00","guid":{"rendered":"https:\/\/millitv.net\/?p=11093"},"modified":"2024-04-25T20:07:28","modified_gmt":"2024-04-25T20:07:28","slug":"kuc%C9%99d%C9%99-qayinini-gull%C9%99l%C9%99y%C9%99n-qadindan-sok-ifade-namusumu-t%C9%99mizl%C9%99dim-video","status":"publish","type":"post","link":"https:\/\/millitv.net\/?p=11093","title":{"rendered":"K\u00fc\u00e7\u0259d\u0259 qay\u0131n\u0131n\u0131 g\u00fcll\u0259l\u0259y\u0259n qad\u0131ndan \u015eOK \u0130FAD\u018f: \u201cNamusumu t\u0259mizl\u0259dim\u201d &#8211; V\u0130DEO"},"content":{"rendered":"\n<p>\u015eanl\u0131urfada 3 u\u015faq anas\u0131 H\u00fclya B. \u0259rinin qarda\u015f\u0131 Ferdi B.-ni tapan\u00e7a il\u0259 \u00f6ld\u00fcr\u0259r\u0259k polisin g\u0259lm\u0259sini g\u00f6zl\u0259yib. Polis\u0259 t\u0259slim olan H\u00fclya B. b\u00f6lm\u0259d\u0259ki &nbsp;ifad\u0259sind\u0259 t\u00f6r\u0259tdiyi&nbsp; \u0259m\u0259li etiraf edib.<\/p>\n\n\n\n<p>O,pe\u015fiman olmad\u0131\u011f\u0131n\u0131 v\u0259 bunu namusuna g\u00f6r\u0259 etdiyini dil\u0259 g\u0259tirib.<\/p>\n\n\n\n<p>Hadis\u0259ni t\u00f6r\u0259d\u0259n H\u00fclya B. \u201cH\u0259yat yolda\u015f\u0131m \u0130smay\u0131l B i\u015f\u0259 getdikd\u0259n sonra qayn\u0131m m\u0259n\u0259 k\u00f6m\u0259k etm\u0259k b\u0259han\u0259si il\u0259 tez-tez yan\u0131ma g\u0259lm\u0259y\u0259 ba\u015flad\u0131. Sonra m\u00fcnasib\u0259td\u0259 olduq.Amma sonradan \u0259rim bizim m\u00fcnasib\u0259timizd\u0259n x\u0259b\u0259r tutdu.<\/p>\n\n\n\n<p>M\u00fcnasib\u0259timiz ortaya \u00e7\u0131xan kimi \u0130smay\u0131lla Ferdi aras\u0131nda b\u0131\u00e7aql\u0131 dava d\u00fc\u015fd\u00fc. Dava zaman\u0131 h\u0259r ikisi yaralan\u0131b. Qarda\u015flar b\u0259d\u0259nl\u0259rinin m\u00fcxt\u0259lif nahiy\u0259l\u0259rind\u0259n y\u00fcng\u00fcl x\u0259sar\u0259tl\u0259r al\u0131blar. \u0130lk olaraq qayn\u0131mla \u0130zmir\u0259 getmi\u015fdim. Bir m\u00fcdd\u0259t sonra \u0130zmird\u0259 aram\u0131zda m\u00fcbahis\u0259 olanda dar\u0131xd\u0131\u011f\u0131m h\u0259yat yolda\u015f\u0131m v\u0259 u\u015faqlar\u0131m\u0131n yan\u0131na qay\u0131td\u0131m. Hadis\u0259l\u0259rd\u0259n uzaq olmaq \u00fc\u00e7\u00fcn Diyarb\u0259kird\u0259 m\u0259skunla\u015fd\u0131q\u201d dey\u0259 s\u00f6yl\u0259yib.<\/p>\n\n\n\n<p>Yeni h\u0259yat\u0131na ba\u015flad\u0131\u011f\u0131n\u0131 bildir\u0259n H\u00fclya B. di\u015f texniki olan qayn\u0131n\u0131n son g\u00fcnl\u0259r telefonla t\u0259cav\u00fcz\u00fcn\u0259, t\u0259zyiql\u0259rin\u0259 m\u0259ruz qald\u0131\u011f\u0131n\u0131 iddia edib:<\/p>\n\n\n\n<p>\u201cQayn\u0131m onunla bir intim \u0259laq\u0259d\u0259 olma\u011f\u0131m \u00fc\u00e7\u00fcn telefonda m\u0259ni daim s\u0131x\u0131\u015fd\u0131r\u0131rd\u0131.<br>O, t\u0259kidli t\u0259klifini r\u0259dd etdikd\u0259, bu d\u0259f\u0259&nbsp;\u201cTikTok\u201dda birlikd\u0259 ya\u015fad\u0131\u011f\u0131m\u0131z vaxtlara aid uy\u011fun olmayan \u015f\u0259kill\u0259rimi payla\u015fmaqla h\u0259d\u0259l\u0259m\u0259y\u0259 ba\u015flad\u0131.<\/p>\n\n\n\n<p>Bundan sonra yolda\u015f\u0131ma aid s\u0259n\u0259dsiz silah\u0131n\u0131 evd\u0259 g\u00f6t\u00fcr\u00fcb \u015eanl\u0131urfaya g\u0259ldim.<\/p>\n\n\n\n<p>Evd\u0259n \u00e7\u0131xan Ferdini silahla t\u0259qib etdim, sonra da vurdum. M\u0259n bunu namusum \u00fc\u00e7\u00fcn etmi\u015f\u0259m v\u0259 pe\u015fman deyil\u0259m\u201d.<\/p>\n\n\n\n<p>Polis b\u00f6lm\u0259sind\u0259ki ifad\u0259sind\u0259n sonra m\u0259hk\u0259m\u0259y\u0259 s\u00f6vq edil\u0259n H\u00fclya B n\u00f6vb\u0259t\u00e7i hakim t\u0259r\u0259find\u0259n \u201c\u0259vv\u0259lc\u0259d\u0259n planlayaraq adam \u00f6ld\u00fcrm\u0259\u201d ittiham\u0131 il\u0259 h\u0259bs edilib. Qad\u0131n\u0259n himay\u0259sind\u0259 olan&nbsp;3 u\u015faq Diyarb\u0259kird\u0259 ya\u015fayan atalar\u0131n\u0131n yan\u0131nda qal\u0131b.<\/p>\n\n\n\n<p>(32gun.az)<\/p>\n\n\n\n<figure class=\"wp-block-embed\"><div class=\"wp-block-embed__wrapper\">\nhttps:\/\/player.bax.tv\/embed\/175772.html\n<\/div><\/figure>\n","protected":false},"excerpt":{"rendered":"<p>\u015eanl\u0131urfada 3 u\u015faq anas\u0131 H\u00fclya B. \u0259rinin qarda\u015f\u0131 Ferdi B.-ni tapan\u00e7a il\u0259 \u00f6ld\u00fcr\u0259r\u0259k polisin g\u0259lm\u0259sini g\u00f6zl\u0259yib. Polis\u0259 t\u0259slim olan H\u00fclya B. b\u00f6lm\u0259d\u0259ki &nbsp;ifad\u0259sind\u0259 t\u00f6r\u0259tdiyi&nbsp; \u0259m\u0259li etiraf edib. O,pe\u015fiman olmad\u0131\u011f\u0131n\u0131 v\u0259 bunu namusuna g\u00f6r\u0259 etdiyini dil\u0259 g\u0259tirib. Hadis\u0259ni t\u00f6r\u0259d\u0259n H\u00fclya B. \u201cH\u0259yat yolda\u015f\u0131m \u0130smay\u0131l B i\u015f\u0259 getdikd\u0259n sonra qayn\u0131m m\u0259n\u0259 k\u00f6m\u0259k etm\u0259k b\u0259han\u0259si il\u0259 tez-tez yan\u0131ma &hellip;<\/p>\n","protected":false},"author":1,"featured_media":11095,"comment_status":"open","ping_status":"closed","sticky":false,"template":"","format":"standard","meta":{"footnotes":""},"categories":[4,6],"tags":[],"class_list":["post-11093","post","type-post","status-publish","format-standard","has-post-thumbnail","hentry","category-dunya","category-maqazin"],"_links":{"self":[{"href":"https:\/\/millitv.net\/index.php?rest_route=\/wp\/v2\/posts\/11093","targetHints":{"allow":["GET"]}}],"collection":[{"href":"https:\/\/millitv.net\/index.php?rest_route=\/wp\/v2\/posts"}],"about":[{"href":"https:\/\/millitv.net\/index.php?rest_route=\/wp\/v2\/types\/post"}],"author":[{"embeddable":true,"href":"https:\/\/millitv.net\/index.php?rest_route=\/wp\/v2\/users\/1"}],"replies":[{"embeddable":true,"href":"https:\/\/millitv.net\/index.php?rest_route=%2Fwp%2Fv2%2Fcomments&post=11093"}],"version-history":[{"count":1,"href":"https:\/\/millitv.net\/index.php?rest_route=\/wp\/v2\/posts\/11093\/revisions"}],"predecessor-version":[{"id":11096,"href":"https:\/\/millitv.net\/index.php?rest_route=\/wp\/v2\/posts\/11093\/revisions\/11096"}],"wp:featuredmedia":[{"embeddable":true,"href":"https:\/\/millitv.net\/index.php?rest_route=\/wp\/v2\/media\/11095"}],"wp:attachment":[{"href":"https:\/\/millitv.net\/index.php?rest_route=%2Fwp%2Fv2%2Fmedia&parent=11093"}],"wp:term":[{"taxonomy":"category","embeddable":true,"href":"https:\/\/millitv.net\/index.php?rest_route=%2Fwp%2Fv2%2Fcategories&post=11093"},{"taxonomy":"post_tag","embeddable":true,"href":"https:\/\/millitv.net\/index.php?rest_route=%2Fwp%2Fv2%2Ftags&post=11093"}],"curies":[{"name":"wp","href":"https:\/\/api.w.org\/{rel}","templated":true}]}}