{"id":1093,"date":"2023-10-12T06:02:11","date_gmt":"2023-10-12T06:02:11","guid":{"rendered":"https:\/\/millinews.az\/xeber\/bakida-nazir-muavininin-ail%C9%99sind%C9%99-agir-itki-foto-Millinews.az\/"},"modified":"2023-10-12T06:02:11","modified_gmt":"2023-10-12T06:02:11","slug":"bakida-nazir-muavininin-ail%C9%99sind%C9%99-agir-itki-foto-Millinews.az","status":"publish","type":"post","link":"https:\/\/millitv.net\/?p=1093","title":{"rendered":"Bak\u0131da nazir m\u00fcavininin ail\u0259sind\u0259 A\u011eIR \u0130TK\u0130 \u2013\u00a0FOTO \u2013 Millinews.az"},"content":{"rendered":"<div id=\"the-post\">\n<div class=\"featured-area\">\n<div class=\"featured-area-inner\">\n<figure class=\"single-featured-image\"><img loading=\"lazy\" width=\"700\" height=\"460\" src=\"https:\/\/Millinews.az.net\/wp-content\/uploads\/2023\/10\/tabut.jpg\" class=\"attachment-jannah-image-post size-jannah-image-post wp-post-image\" alt=\"\" decoding=\"async\" data-main-img=\"1\" srcset=\"https:\/\/Millinews.az.net\/wp-content\/uploads\/2023\/10\/tabut.jpg 700w, https:\/\/Millinews.az.net\/wp-content\/uploads\/2023\/10\/tabut-300x197.jpg 300w\" sizes=\"auto, (max-width: 700px) 100vw, 700px\" title=\"\"><\/figure>\n<\/div>\n<\/div>\n<p><!-- .entry-header-outer \/--><\/p>\n<div class=\"entry-content entry clearfix\">\n<p><strong>M\u00fcdafi\u0259 s\u0259nayesi nazirinin m\u00fcavini, general-mayor Mehman Bax\u0131\u015fovun ail\u0259sind\u0259 a\u011f\u0131r itki ba\u015f verib.<\/strong><\/p>\n<p>\u00a0Publika.az-\u0131n \u0259ld\u0259 etdiyi m\u0259lumata g\u00f6r\u0259, nazir m\u00fcavininin h\u0259yat yolda\u015f\u0131 Mehriban Bax\u0131\u015fova d\u00fcnyas\u0131n\u0131 d\u0259yi\u015fib.<\/p>\n<p>Qeyd ed\u0259k ki, 1959-cu il t\u0259v\u0259ll\u00fcdl\u00fc M.Bax\u0131\u015fov 2020-ci ild\u0259 nazir m\u00fcavini t\u0259yin edilib.<\/p>\n<figure class=\"wp-block-image\"><img decoding=\"async\" src=\"https:\/\/publika.az\/storage\/2023\/10\/12\/379946415_350729147515822_9074332492123227813_n.png\" alt=\"\" title=\"\"><\/figure>\n<figure class=\"wp-block-image\"><img decoding=\"async\" src=\"https:\/\/publika.az\/storage\/2023\/10\/12\/370250102_978890866512709_884428295540117386_n.png\" alt=\"\" title=\"\"><\/figure>\n<p><!-- AI CONTENT END 1 --><\/p><\/div>\n<p><!-- .entry-content \/--><\/p>\n<p>\t\t<!-- .share-buttons \/--><\/p><\/div>\n","protected":false},"excerpt":{"rendered":"<p>M\u00fcdafi\u0259 s\u0259nayesi nazirinin m\u00fcavini, general-mayor Mehman Bax\u0131\u015fovun ail\u0259sind\u0259 a\u011f\u0131r itki ba\u015f verib. \u00a0Publika.az-\u0131n \u0259ld\u0259 etdiyi m\u0259lumata g\u00f6r\u0259, nazir m\u00fcavininin h\u0259yat yolda\u015f\u0131 Mehriban Bax\u0131\u015fova d\u00fcnyas\u0131n\u0131 d\u0259yi\u015fib. Qeyd ed\u0259k ki, 1959-cu il t\u0259v\u0259ll\u00fcdl\u00fc M.Bax\u0131\u015fov 2020-ci ild\u0259 nazir m\u00fcavini t\u0259yin edilib.<\/p>\n","protected":false},"author":1,"featured_media":1094,"comment_status":"open","ping_status":"closed","sticky":false,"template":"","format":"standard","meta":{"footnotes":""},"categories":[9],"tags":[],"class_list":["post-1093","post","type-post","status-publish","format-standard","has-post-thumbnail","hentry","category-xeber"],"_links":{"self":[{"href":"https:\/\/millitv.net\/index.php?rest_route=\/wp\/v2\/posts\/1093","targetHints":{"allow":["GET"]}}],"collection":[{"href":"https:\/\/millitv.net\/index.php?rest_route=\/wp\/v2\/posts"}],"about":[{"href":"https:\/\/millitv.net\/index.php?rest_route=\/wp\/v2\/types\/post"}],"author":[{"embeddable":true,"href":"https:\/\/millitv.net\/index.php?rest_route=\/wp\/v2\/users\/1"}],"replies":[{"embeddable":true,"href":"https:\/\/millitv.net\/index.php?rest_route=%2Fwp%2Fv2%2Fcomments&post=1093"}],"version-history":[{"count":0,"href":"https:\/\/millitv.net\/index.php?rest_route=\/wp\/v2\/posts\/1093\/revisions"}],"wp:featuredmedia":[{"embeddable":true,"href":"https:\/\/millitv.net\/index.php?rest_route=\/wp\/v2\/media\/1094"}],"wp:attachment":[{"href":"https:\/\/millitv.net\/index.php?rest_route=%2Fwp%2Fv2%2Fmedia&parent=1093"}],"wp:term":[{"taxonomy":"category","embeddable":true,"href":"https:\/\/millitv.net\/index.php?rest_route=%2Fwp%2Fv2%2Fcategories&post=1093"},{"taxonomy":"post_tag","embeddable":true,"href":"https:\/\/millitv.net\/index.php?rest_route=%2Fwp%2Fv2%2Ftags&post=1093"}],"curies":[{"name":"wp","href":"https:\/\/api.w.org\/{rel}","templated":true}]}}