{"id":10922,"date":"2024-07-19T17:08:00","date_gmt":"2024-07-19T17:08:00","guid":{"rendered":"https:\/\/millitv.net\/?p=10922"},"modified":"2024-07-20T04:10:21","modified_gmt":"2024-07-20T04:10:21","slug":"elm%C9%99ddin-m%C9%99d%C9%99niyy%C9%99t-nazirliyini-t%C9%99nqid-etdi-m%C9%99ni-qapidan-ic%C9%99ri-buraxmirlar","status":"publish","type":"post","link":"https:\/\/millitv.net\/?p=10922","title":{"rendered":"Elm\u0259ddin M\u0259d\u0259niyy\u0259t nazirliyini t\u0259nqid etdi &#8211; &#8220;M\u0259ni qap\u0131dan i\u00e7\u0259ri buraxm\u0131rlar\u201d"},"content":{"rendered":"\n<p>Aktyor Elm\u0259ddin C\u0259f\u0259rov M\u0259d\u0259niyy\u0259t Nazirliyi il\u0259 ba\u011fl\u0131 qalmaqall\u0131 a\u00e7\u0131qlamalar edib.<\/p>\n\n\n\n<p>O, bu bar\u0259d\u0259 Axar.az-a m\u00fcsahib\u0259sind\u0259 dan\u0131\u015f\u0131b. C\u0259f\u0259rov bir \u00e7ox qurumlara layih\u0259l\u0259r t\u0259qdim etdiyini, lakin q\u0259bul edilm\u0259diyini deyib.<\/p>\n\n\n\n<p>\u201cO q\u0259d\u0259r etmi\u015f\u0259m ki! He\u00e7 nazirliyin \u00f6z\u00fcn\u0259 buraxmad\u0131lar, \u015f\u00f6b\u0259d\u0259 qar\u015f\u0131lay\u0131b dedil\u0259r ki, telefonu a\u00e7\u0131q saxla, \u0259laq\u0259 saxlayaca\u011f\u0131q. T\u0259dbirl\u0259r olur, ona bel\u0259 \u00e7a\u011f\u0131rm\u0131rlar. \u00c7a\u011f\u0131r\u0131lanlar da g\u00f6z \u00f6n\u00fcnd\u0259. Y\u0259qin, el\u0259 bilirl\u0259r, biz \u00e7ox s\u0259viyy\u0259siz adamlar\u0131q. Vallah, \u00e7oxundan qat-qat s\u0259viyy\u0259liy\u0259m, qorudu\u011fum d\u0259y\u0259rl\u0259r var, d\u00f6vl\u0259ti, mill\u0259ti, v\u0259t\u0259ni sevir\u0259m\u201d, &#8211; dey\u0259, o, s\u00f6yl\u0259yib.<\/p>\n\n\n\n<p>E. C\u0259f\u0259rov h\u0259m\u00e7inin, f\u0259xri ad\u0131n\u0131n olmamas\u0131yla ba\u011fl\u0131 sual\u0131 cavabland\u0131r\u0131b:<\/p>\n\n\n\n<p>\u201cDeyir\u0259m ki, M\u0259d\u0259niyy\u0259t Nazirliyi qap\u0131dan i\u00e7\u0259ri buraxm\u0131r, f\u0259xri ad ver\u0259c\u0259kl\u0259r? Kims\u0259 bu ada t\u0259qdim etm\u0259lidir, ya yox? Yoxsa, rusdilli deyilik dey\u0259? G\u00f6r\u00fcn\u00fcr, onlar daha \u00e7ox bu \u201csekta\u201dya y\u00f6n\u0259lirl\u0259r. M\u0259n\u0259 c\u0259nab Prezident f\u0259xri ad vers\u0259, t\u0259bii ki, xo\u015f olar. Amma ora gedib \u00e7\u0131xmaq \u00fc\u00e7\u00fcn prosedur var v\u0259 o da b\u0259llidir. M\u0259nim onlarla he\u00e7 bir problemim yoxdur, b\u0259y\u0259ndiyim i\u015fl\u0259ri d\u0259 var, sad\u0259c\u0259, v\u0259ziyy\u0259tin nec\u0259 oldu\u011funu deyir\u0259m\u201d.<\/p>\n","protected":false},"excerpt":{"rendered":"<p>Aktyor Elm\u0259ddin C\u0259f\u0259rov M\u0259d\u0259niyy\u0259t Nazirliyi il\u0259 ba\u011fl\u0131 qalmaqall\u0131 a\u00e7\u0131qlamalar edib. O, bu bar\u0259d\u0259 Axar.az-a m\u00fcsahib\u0259sind\u0259 dan\u0131\u015f\u0131b. C\u0259f\u0259rov bir \u00e7ox qurumlara layih\u0259l\u0259r t\u0259qdim etdiyini, lakin q\u0259bul edilm\u0259diyini deyib. \u201cO q\u0259d\u0259r etmi\u015f\u0259m ki! He\u00e7 nazirliyin \u00f6z\u00fcn\u0259 buraxmad\u0131lar, \u015f\u00f6b\u0259d\u0259 qar\u015f\u0131lay\u0131b dedil\u0259r ki, telefonu a\u00e7\u0131q saxla, \u0259laq\u0259 saxlayaca\u011f\u0131q. T\u0259dbirl\u0259r olur, ona bel\u0259 \u00e7a\u011f\u0131rm\u0131rlar. \u00c7a\u011f\u0131r\u0131lanlar da g\u00f6z \u00f6n\u00fcnd\u0259. Y\u0259qin, el\u0259 &hellip;<\/p>\n","protected":false},"author":1,"featured_media":10923,"comment_status":"open","ping_status":"closed","sticky":false,"template":"","format":"standard","meta":{"footnotes":""},"categories":[1],"tags":[],"class_list":["post-10922","post","type-post","status-publish","format-standard","has-post-thumbnail","hentry","category-idman"],"_links":{"self":[{"href":"https:\/\/millitv.net\/index.php?rest_route=\/wp\/v2\/posts\/10922","targetHints":{"allow":["GET"]}}],"collection":[{"href":"https:\/\/millitv.net\/index.php?rest_route=\/wp\/v2\/posts"}],"about":[{"href":"https:\/\/millitv.net\/index.php?rest_route=\/wp\/v2\/types\/post"}],"author":[{"embeddable":true,"href":"https:\/\/millitv.net\/index.php?rest_route=\/wp\/v2\/users\/1"}],"replies":[{"embeddable":true,"href":"https:\/\/millitv.net\/index.php?rest_route=%2Fwp%2Fv2%2Fcomments&post=10922"}],"version-history":[{"count":1,"href":"https:\/\/millitv.net\/index.php?rest_route=\/wp\/v2\/posts\/10922\/revisions"}],"predecessor-version":[{"id":10924,"href":"https:\/\/millitv.net\/index.php?rest_route=\/wp\/v2\/posts\/10922\/revisions\/10924"}],"wp:featuredmedia":[{"embeddable":true,"href":"https:\/\/millitv.net\/index.php?rest_route=\/wp\/v2\/media\/10923"}],"wp:attachment":[{"href":"https:\/\/millitv.net\/index.php?rest_route=%2Fwp%2Fv2%2Fmedia&parent=10922"}],"wp:term":[{"taxonomy":"category","embeddable":true,"href":"https:\/\/millitv.net\/index.php?rest_route=%2Fwp%2Fv2%2Fcategories&post=10922"},{"taxonomy":"post_tag","embeddable":true,"href":"https:\/\/millitv.net\/index.php?rest_route=%2Fwp%2Fv2%2Ftags&post=10922"}],"curies":[{"name":"wp","href":"https:\/\/api.w.org\/{rel}","templated":true}]}}