{"id":10826,"date":"2024-04-19T12:38:00","date_gmt":"2024-04-19T12:38:00","guid":{"rendered":"https:\/\/millitv.net\/?p=10826"},"modified":"2024-04-19T14:11:40","modified_gmt":"2024-04-19T14:11:40","slug":"q%C9%99rar-verildi-m%C9%99shur-verilis-bird%C9%99f%C9%99lik-baglanir","status":"publish","type":"post","link":"https:\/\/millitv.net\/?p=10826","title":{"rendered":"Q\u0259rar verildi: M\u0259\u015fhur verili\u015f bird\u0259f\u0259lik ba\u011flan\u0131r"},"content":{"rendered":"\n<p>X\u0259z\u0259r Televiziyas\u0131 may ay\u0131ndan &#8220;T\u0259sir dair\u0259si&#8221; verili\u015finin efir vaxt\u0131n\u0131 q\u0131saldacaq, sentyabrdan is\u0259 verili\u015f ba\u011flanacaq.<\/p>\n\n\n\n<p>Bu bar\u0259d\u0259 Pravda.az-\u0131n sor\u011fusuna cavab olaraq X\u0259z\u0259r TV-d\u0259n bildirilib.<\/p>\n\n\n\n<p>&#8220;Televiziya olaraq art\u0131q bu c\u00fcr layih\u0259l\u0259rin d\u00f6vr\u00fcn\u00fcn ba\u015fa \u00e7atd\u0131\u011f\u0131n\u0131 d\u00fc\u015f\u00fcn\u00fcr\u00fck. B\u0259li, do\u011frudan da may ay\u0131n\u0131n ortalar\u0131ndan &#8220;T\u0259sir dair\u0259si&#8221; verili\u015finin efir vaxt\u0131n\u0131n yar\u0131m saat azald\u0131lmas\u0131n\u0131 planla\u015fd\u0131r\u0131r\u0131q. N\u00f6vb\u0259ti televiziya ilind\u0259n is\u0259, g\u00fcman ki, s\u00f6z\u00fcged\u0259n verili\u015fin \u0259v\u0259zin\u0259 daha sanball\u0131, insanlar\u0131n probleml\u0259rini daha \u00e7ox h\u0259ll etm\u0259y\u0259 qadir, milli mentalitetimiz\u0259, milli d\u0259y\u0259rl\u0259rimiz\u0259 daha uy\u011fun layih\u0259l\u0259rl\u0259 efir\u0259 g\u0259lm\u0259yi planla\u015fd\u0131r\u0131r\u0131q&#8221;, \u2014 a\u00e7\u0131qlamada qeyd olunub.<\/p>\n\n\n\n<p>Qeyd ed\u0259k ki, verili\u015fin apar\u0131c\u0131s\u0131 Lal\u0259 Az\u0259rta\u015fd\u0131r.<\/p>\n","protected":false},"excerpt":{"rendered":"<p>X\u0259z\u0259r Televiziyas\u0131 may ay\u0131ndan &#8220;T\u0259sir dair\u0259si&#8221; verili\u015finin efir vaxt\u0131n\u0131 q\u0131saldacaq, sentyabrdan is\u0259 verili\u015f ba\u011flanacaq. Bu bar\u0259d\u0259 Pravda.az-\u0131n sor\u011fusuna cavab olaraq X\u0259z\u0259r TV-d\u0259n bildirilib. &#8220;Televiziya olaraq art\u0131q bu c\u00fcr layih\u0259l\u0259rin d\u00f6vr\u00fcn\u00fcn ba\u015fa \u00e7atd\u0131\u011f\u0131n\u0131 d\u00fc\u015f\u00fcn\u00fcr\u00fck. B\u0259li, do\u011frudan da may ay\u0131n\u0131n ortalar\u0131ndan &#8220;T\u0259sir dair\u0259si&#8221; verili\u015finin efir vaxt\u0131n\u0131n yar\u0131m saat azald\u0131lmas\u0131n\u0131 planla\u015fd\u0131r\u0131r\u0131q. N\u00f6vb\u0259ti televiziya ilind\u0259n is\u0259, g\u00fcman ki, s\u00f6z\u00fcged\u0259n &hellip;<\/p>\n","protected":false},"author":1,"featured_media":10827,"comment_status":"open","ping_status":"closed","sticky":false,"template":"","format":"standard","meta":{"footnotes":""},"categories":[6],"tags":[],"class_list":["post-10826","post","type-post","status-publish","format-standard","has-post-thumbnail","hentry","category-maqazin"],"_links":{"self":[{"href":"https:\/\/millitv.net\/index.php?rest_route=\/wp\/v2\/posts\/10826","targetHints":{"allow":["GET"]}}],"collection":[{"href":"https:\/\/millitv.net\/index.php?rest_route=\/wp\/v2\/posts"}],"about":[{"href":"https:\/\/millitv.net\/index.php?rest_route=\/wp\/v2\/types\/post"}],"author":[{"embeddable":true,"href":"https:\/\/millitv.net\/index.php?rest_route=\/wp\/v2\/users\/1"}],"replies":[{"embeddable":true,"href":"https:\/\/millitv.net\/index.php?rest_route=%2Fwp%2Fv2%2Fcomments&post=10826"}],"version-history":[{"count":1,"href":"https:\/\/millitv.net\/index.php?rest_route=\/wp\/v2\/posts\/10826\/revisions"}],"predecessor-version":[{"id":10828,"href":"https:\/\/millitv.net\/index.php?rest_route=\/wp\/v2\/posts\/10826\/revisions\/10828"}],"wp:featuredmedia":[{"embeddable":true,"href":"https:\/\/millitv.net\/index.php?rest_route=\/wp\/v2\/media\/10827"}],"wp:attachment":[{"href":"https:\/\/millitv.net\/index.php?rest_route=%2Fwp%2Fv2%2Fmedia&parent=10826"}],"wp:term":[{"taxonomy":"category","embeddable":true,"href":"https:\/\/millitv.net\/index.php?rest_route=%2Fwp%2Fv2%2Fcategories&post=10826"},{"taxonomy":"post_tag","embeddable":true,"href":"https:\/\/millitv.net\/index.php?rest_route=%2Fwp%2Fv2%2Ftags&post=10826"}],"curies":[{"name":"wp","href":"https:\/\/api.w.org\/{rel}","templated":true}]}}