{"id":10804,"date":"2024-04-18T21:21:38","date_gmt":"2024-04-18T21:21:38","guid":{"rendered":"https:\/\/millitv.net\/?p=10804"},"modified":"2024-04-18T21:28:18","modified_gmt":"2024-04-18T21:28:18","slug":"h%C9%99mcinsi-il%C9%99-evl%C9%99n%C9%99n-az%C9%99rbaycanli-aparici-t%C9%99nqidl%C9%99r%C9%99-cavab-verdi-cox-xosb%C9%99xt%C9%99m-foto","status":"publish","type":"post","link":"https:\/\/millitv.net\/?p=10804","title":{"rendered":"H\u0259mcinsi il\u0259 evl\u0259n\u0259n az\u0259rbaycanl\u0131 apar\u0131c\u0131 t\u0259nqidl\u0259r\u0259 cavab verdi &#8211; &#8220;\u00c7ox xo\u015fb\u0259xt\u0259m&#8221; &#8211; FOTO"},"content":{"rendered":"\n<p>\u00d6z h\u0259mcinsi il\u0259 ail\u0259 quran apar\u0131c\u0131 Natiq Nail\u0259o\u011flu bu q\u0259rar\u0131na g\u00f6r\u0259 onu t\u0259nqid v\u0259 t\u0259hqir ed\u0259nl\u0259r\u0259 cavab verib.<\/p>\n\n\n\n<p>Telejurnalist bu bar\u0259d\u0259 \u00f6z\u00fcn\u00fcn &#8220;Facebook&#8221; hesab\u0131nda qeyd edib:<\/p>\n\n\n\n<p>&#8220;\u00d6t\u0259n g\u00fcn yay\u0131lan x\u0259b\u0259rl\u0259rd\u0259n sonra t\u0259hqir etdiniz, \u00f6l\u00fcml\u0259 t\u0259hdid ed\u0259nl\u0259riniz oldu. &#8220;\u00c7\u0131x yaland\u0131r de&#8221; yazan, m\u0259sl\u0259h\u0259t ver\u0259nl\u0259r d\u0259 var idi. S\u0259b\u0259b? Niy\u0259 bel\u0259 bir a\u00e7\u0131qlama edim? M\u0259n ya\u015fad\u0131\u011f\u0131m he\u00e7 bir hiss \u00fc\u00e7\u00fcn utanm\u0131ram! Bu m\u0259n\u0259m v\u0259 ya\u015fad\u0131\u011f\u0131m da m\u0259nim h\u0259yat\u0131md\u0131r. Dostlar\u0131mla, m\u0259ni izl\u0259y\u0259n insanlarla h\u0259yat\u0131m\u0131n xo\u015f an\u0131n\u0131 payla\u015fd\u0131m. (Qeyd s\u0259hif\u0259m &#8220;private&#8221;dir ) Sizin ist\u0259diyiniz kimi h\u0259yat ya\u015famad\u0131\u011f\u0131m \u00fc\u00e7\u00fcn utanmal\u0131yam? Yaxud da \u00f6z\u00fcm\u00fc g\u00fcnahkar hiss etm\u0259liy\u0259m? \u018flb\u0259tt\u0259 yox! M\u0259n ist\u0259diyim h\u0259yat\u0131 ya\u015fay\u0131ram v\u0259 bu h\u0259r zaman da bel\u0259 oldu. N\u0259 ed\u0259k? Hissl\u0259rimizi \u00f6rt-basd\u0131r edib, bu xalq\u0131n mentaliteti var, m\u0259d\u0259niyy\u0259ti f\u0259rqlidir dey\u0259, ikili b\u0259z\u0259n d\u0259 \u00fc\u00e7l\u00fc &#8220;\u015f\u0259xsiyy\u0259t&#8221;i oynayaq? ya\u015fayaq? &#8220;\u018ftraf n\u0259 dey\u0259r?&#8221; , &#8220;tez-bazar bir q\u0131zla evl\u0259n&#8221; qoy desinl\u0259r ki\u015fi&#8217;dir m\u0259ntiqil\u0259 ya\u015fayaq? Bu m\u0259ntiql\u0259 ne\u00e7\u0259 n\u0259f\u0259ri b\u0259db\u0259xt etmisiniz? Etm\u0259kd\u0259 d\u0259 davam edirsiniz.<\/p>\n\n\n\n<p>Ya\u015famaq ist\u0259diyiniz, lakin ya\u015faya bilm\u0259diyiniz he\u00e7 n\u0259 \u00fc\u00e7\u00fcn insanlar\u0131 ittiham etm\u0259yin. Aynan\u0131n qar\u015f\u0131s\u0131na ke\u00e7in, \u00f6z\u00fcn\u00fcz\u0259 &#8220;m\u0259n n\u0259 ist\u0259yir\u0259m&#8221; sual\u0131n\u0131 verin. Uzaqla\u015f\u0131n qohum-\u0259qr\u0259ba, qonum-qon\u015fu, mentalitet t\u0259f\u0259kk\u00fcr\u00fcnd\u0259n. \u018ftraf dan\u0131\u015facaq, deyin\u0259c\u0259k v\u0259 bir zaman sonra susacaq! Amma ke\u00e7\u0259n sizin h\u0259yat\u0131n\u0131z olacaq. Siz itir\u0259c\u0259ksiniz. Zaman-zaman hissl\u0259rinizi, sonra da \u00f6z\u00fcn\u00fcz\u00fc. Bir zaman g\u0259l\u0259c\u0259k, n\u0259 ist\u0259diyinizi bel\u0259 anlamayacaqs\u0131n\u0131z. \u0130nsanl\u0131\u011f\u0131n\u0131z\u0131, m\u0259nliyinizi itirm\u0259d\u0259n ya\u015fay\u0131n! M\u0259n xo\u015fb\u0259xt\u0259m! \u00d6mr\u00fcm\u00fcn sonuna q\u0259d\u0259r d\u0259 azadl\u0131\u011f\u0131m\u0131, \u00f6z fikrimi b\u00fct\u00fcn olan v\u0259 olacaqlardan daha \u00fcst\u00fcn tutaca\u011fam!&#8221;.<\/p>\n\n\n\n<p>Qeyd ed\u0259k ki, apar\u0131c\u0131 \u00f6z h\u0259mcinsi il\u0259 ba\u011fl\u0131 x\u0259b\u0259ri hesab\u0131nda payla\u015fd\u0131qdan sonra t\u0259nqidl\u0259r\u0259 m\u0259ruz qal\u0131b v\u0259 bu, m\u00fczakir\u0259l\u0259r\u0259 s\u0259b\u0259b olub.<\/p>\n\n\n\n<figure class=\"wp-block-image\"><img decoding=\"async\" src=\"https:\/\/millishow.az\/uploads\/image\/min\/2024-04\/662043f64d17e202404244942.jpg\" alt=\"662043f64d17e202404244942\" title=\"\"><\/figure>\n","protected":false},"excerpt":{"rendered":"<p>\u00d6z h\u0259mcinsi il\u0259 ail\u0259 quran apar\u0131c\u0131 Natiq Nail\u0259o\u011flu bu q\u0259rar\u0131na g\u00f6r\u0259 onu t\u0259nqid v\u0259 t\u0259hqir ed\u0259nl\u0259r\u0259 cavab verib. Telejurnalist bu bar\u0259d\u0259 \u00f6z\u00fcn\u00fcn &#8220;Facebook&#8221; hesab\u0131nda qeyd edib: &#8220;\u00d6t\u0259n g\u00fcn yay\u0131lan x\u0259b\u0259rl\u0259rd\u0259n sonra t\u0259hqir etdiniz, \u00f6l\u00fcml\u0259 t\u0259hdid ed\u0259nl\u0259riniz oldu. &#8220;\u00c7\u0131x yaland\u0131r de&#8221; yazan, m\u0259sl\u0259h\u0259t ver\u0259nl\u0259r d\u0259 var idi. S\u0259b\u0259b? Niy\u0259 bel\u0259 bir a\u00e7\u0131qlama edim? M\u0259n ya\u015fad\u0131\u011f\u0131m he\u00e7 &hellip;<\/p>\n","protected":false},"author":1,"featured_media":10806,"comment_status":"open","ping_status":"closed","sticky":false,"template":"","format":"standard","meta":{"footnotes":""},"categories":[1],"tags":[],"class_list":["post-10804","post","type-post","status-publish","format-standard","has-post-thumbnail","hentry","category-idman"],"_links":{"self":[{"href":"https:\/\/millitv.net\/index.php?rest_route=\/wp\/v2\/posts\/10804","targetHints":{"allow":["GET"]}}],"collection":[{"href":"https:\/\/millitv.net\/index.php?rest_route=\/wp\/v2\/posts"}],"about":[{"href":"https:\/\/millitv.net\/index.php?rest_route=\/wp\/v2\/types\/post"}],"author":[{"embeddable":true,"href":"https:\/\/millitv.net\/index.php?rest_route=\/wp\/v2\/users\/1"}],"replies":[{"embeddable":true,"href":"https:\/\/millitv.net\/index.php?rest_route=%2Fwp%2Fv2%2Fcomments&post=10804"}],"version-history":[{"count":1,"href":"https:\/\/millitv.net\/index.php?rest_route=\/wp\/v2\/posts\/10804\/revisions"}],"predecessor-version":[{"id":10805,"href":"https:\/\/millitv.net\/index.php?rest_route=\/wp\/v2\/posts\/10804\/revisions\/10805"}],"wp:featuredmedia":[{"embeddable":true,"href":"https:\/\/millitv.net\/index.php?rest_route=\/wp\/v2\/media\/10806"}],"wp:attachment":[{"href":"https:\/\/millitv.net\/index.php?rest_route=%2Fwp%2Fv2%2Fmedia&parent=10804"}],"wp:term":[{"taxonomy":"category","embeddable":true,"href":"https:\/\/millitv.net\/index.php?rest_route=%2Fwp%2Fv2%2Fcategories&post=10804"},{"taxonomy":"post_tag","embeddable":true,"href":"https:\/\/millitv.net\/index.php?rest_route=%2Fwp%2Fv2%2Ftags&post=10804"}],"curies":[{"name":"wp","href":"https:\/\/api.w.org\/{rel}","templated":true}]}}