{"id":10684,"date":"2024-04-15T18:25:21","date_gmt":"2024-04-15T18:25:21","guid":{"rendered":"https:\/\/millitv.net\/?p=10684"},"modified":"2024-04-15T18:25:34","modified_gmt":"2024-04-15T18:25:34","slug":"vusal%C9%99-qisa-%C9%99t%C9%99kd%C9%99-heyran-etdi-mini-geyimi-il%C9%99-%C9%99yl%C9%99sib-foto","status":"publish","type":"post","link":"https:\/\/millitv.net\/?p=10684","title":{"rendered":"V\u00fcsal\u0259 q\u0131sa \u0259t\u0259kd\u0259 heyran etdi- Mini geyimi il\u0259 \u0259yl\u0259\u015fib\u2026 &#8211; FOTO"},"content":{"rendered":"\n<p>Nax\u00e7\u0131van Muxtar Respublikas\u0131n\u0131n ke\u00e7mi\u015f maliyy\u0259 naziri R\u0259fael \u018fliyev v\u0259 D\u00f6vl\u0259t G\u00f6mr\u00fck Komit\u0259sinin tarifl\u0259rin t\u0259nziml\u0259nm\u0259si v\u0259 \u00f6d\u0259ni\u015fl\u0259r \u015f\u00f6b\u0259sinin r\u0259isi v\u0259zif\u0259sind\u0259 i\u015fl\u0259mi\u015f M\u0259nsur \u018fsg\u0259rovun cinay\u0259t i\u015fi \u00fczr\u0259 m\u0259hk\u0259m\u0259 prosesi ke\u00e7irilib.<\/p>\n\n\n\n<p><a href=\"https:\/\/report.az\/hadise\/naxcivanin-kecmis-maliyye-naziri-ve-dgk-sinin-sabiq-sobe-reisinin-mehkeme-prosesi-kecirilib\/\" target=\"_blank\" rel=\"noreferrer noopener\">\u201cReport\u201d<\/a>&nbsp;x\u0259b\u0259r verir ki, muxtar respublikan\u0131n A\u011f\u0131r Cinay\u0259tl\u0259r M\u0259hk\u0259m\u0259sind\u0259 proses hakim Faiq Heyd\u0259rovun s\u0259drliyi il\u0259 ke\u00e7irilib.<\/p>\n\n\n\n<p>\u018fvv\u0259lc\u0259 d\u00f6vl\u0259t ittiham\u00e7\u0131s\u0131 ittiham akt\u0131n\u0131 elan edib. Bildirilib ki, D\u00f6vl\u0259t G\u00f6mr\u00fck Komit\u0259sinin tarifl\u0259rin t\u0259nziml\u0259nm\u0259si v\u0259 \u00f6d\u0259ni\u015fl\u0259r \u015f\u00f6b\u0259sinin r\u0259isi v\u0259zif\u0259sind\u0259 i\u015fl\u0259mi\u015f M\u0259nsur \u018fsg\u0259rov v\u0259 maliyy\u0259 naziri R\u0259fael \u018fliyev v\u0259zif\u0259d\u0259 \u00e7al\u0131\u015fd\u0131qlar\u0131 d\u00f6vrd\u0259 dig\u0259r \u015f\u0259xsl\u0259rl\u0259 \u0259lbir olaraq d\u00f6vl\u0259t b\u00fcdc\u0259 v\u0259saitl\u0259rini m\u0259nims\u0259m\u0259 yolu il\u0259 talay\u0131blar.<\/p>\n\n\n\n<p>M\u0259hk\u0259m\u0259d\u0259 \u00e7\u0131x\u0131\u015f ed\u0259n t\u0259qsirl\u0259ndiril\u0259n \u015f\u0259xs M\u0259nsur \u018fsg\u0259rov ifad\u0259sind\u0259 bildirib ki, pullar y\u00fck v\u0259 s\u0259rnisin x\u0259tl\u0259rind\u0259n y\u0131\u011f\u0131l\u0131b. 2009-2010-cu ill\u0259rd\u0259 g\u00f6mr\u00fckd\u0259 TIR proqram\u0131 yarad\u0131l\u0131b: &#8220;2020-ci ild\u0259 yeni t\u0259yinat aldiqdan sonra komit\u0259 s\u0259dri S\u0259hh\u0259t H\u0259bibb\u0259yli m\u0259ni q\u0259bul etdi v\u0259 dedi ki, y\u0131\u011f\u0131lan pullar g\u0259tirilib bura veril\u0259c\u0259k. Tarifl\u0259rin t\u0259nziml\u0259nm\u0259si v\u0259 \u00f6d\u0259ni\u015fl\u0259r \u015f\u00f6b\u0259sinin r\u0259isi v\u0259zif\u0259sind\u0259 i\u015fl\u0259y\u0259nd\u0259 3 000 manat paket ald\u0131rd\u0131m. Toplanan pullardan m\u0259n\u0259 he\u00e7 n\u0259 verilmirdi, \u00fcmumi qayda olaraq komit\u0259 s\u0259drin\u0259 verilirdi, \u00f6z\u00fc pullar\u0131 ota\u011f\u0131na t\u0259hvil al\u0131rd\u0131. \u015e\u0259xs\u0259n \u00f6z\u00fcm verirdim v\u0259 ba\u015fqa adam olmurdu. Pullar\u0131 otaqda d\u00fcz\u0259ldib, qutuya y\u0131\u011f\u0131b \u015f\u0259xs\u0259n apar\u0131b komit\u0259 s\u0259dri S\u0259hh\u0259t H\u0259bibb\u0259yliy\u0259 verirdim&#8221;.<\/p>\n\n\n\n<p>M\u0259nsur \u018fsg\u0259rov \u00f6z\u00fcn\u00fc qism\u0259n t\u0259qsirli bilib.<\/p>\n\n\n\n<p>T\u0259qsirl\u0259ndiril\u0259n dig\u0259r \u015f\u0259xs R\u0259fael \u018fliyev qeyd edib ki, 2011-ci ild\u0259n maliyy\u0259 \u015f\u00f6b\u0259sinin r\u0259isi i\u015fl\u0259yib: &#8220;Toplanan \u00f6d\u0259ni\u015fl\u0259r s\u0259rni\u015fin v\u0259 y\u00fck \u015f\u00f6b\u0259l\u0259rinin r\u0259isl\u0259ri verilib, onlar is\u0259 pulu idar\u0259 r\u0259isl\u0259rin\u0259 verirdil\u0259r. Veril\u0259n manat v\u0259 dollarlar\u0131 m\u0259n eynil\u0259\u015fdirm\u0259 apar\u0131b, manatlar\u0131 dollar edib komit\u0259 s\u0259dri As\u0259f M\u0259mm\u0259dov v\u0259 sonradan S\u0259hh\u0259t H\u0259bibb\u0259yliy\u0259 verirdim. \u00dcmumiyy\u0259tl\u0259, TIR proqram\u0131 2009-2010-cu ill\u0259rd\u0259 yarad\u0131l\u0131b. Bu proqram S\u0259hh\u0259t H\u0259bibb\u0259ylinin t\u0259\u015f\u0259bb\u00fcs\u00fcd\u00fcr&#8221;.<\/p>\n\n\n\n<p>O qeyd edib ki, maliyy\u0259 naziri kimi f\u0259aliyy\u0259t\u0259 ba\u015flayark\u0259n, qurumlara \u015fi\u015firdilmi\u015f qiym\u0259tl\u0259rl\u0259 v\u0259saitl\u0259ri k\u00f6\u00e7\u00fcr\u00fcb v\u0259 na\u011fdla\u015fd\u0131rma yolu il\u0259 h\u0259min v\u0259saitl\u0259ri m\u0259nims\u0259yibl\u0259r: \u201cMaliyy\u0259 naziri i\u015fl\u0259y\u0259rk\u0259n 2300 manat maa\u015f al\u0131rd\u0131m, 15 min manat is\u0259 paketim idi\u201d.<\/p>\n\n\n\n<p>Proses may\u0131n 2-d\u0259k t\u0259xir\u0259 sal\u0131n\u0131b.<\/p>\n","protected":false},"excerpt":{"rendered":"<p>Nax\u00e7\u0131van Muxtar Respublikas\u0131n\u0131n ke\u00e7mi\u015f maliyy\u0259 naziri R\u0259fael \u018fliyev v\u0259 D\u00f6vl\u0259t G\u00f6mr\u00fck Komit\u0259sinin tarifl\u0259rin t\u0259nziml\u0259nm\u0259si v\u0259 \u00f6d\u0259ni\u015fl\u0259r \u015f\u00f6b\u0259sinin r\u0259isi v\u0259zif\u0259sind\u0259 i\u015fl\u0259mi\u015f M\u0259nsur \u018fsg\u0259rovun cinay\u0259t i\u015fi \u00fczr\u0259 m\u0259hk\u0259m\u0259 prosesi ke\u00e7irilib. \u201cReport\u201d&nbsp;x\u0259b\u0259r verir ki, muxtar respublikan\u0131n A\u011f\u0131r Cinay\u0259tl\u0259r M\u0259hk\u0259m\u0259sind\u0259 proses hakim Faiq Heyd\u0259rovun s\u0259drliyi il\u0259 ke\u00e7irilib. \u018fvv\u0259lc\u0259 d\u00f6vl\u0259t ittiham\u00e7\u0131s\u0131 ittiham akt\u0131n\u0131 elan edib. Bildirilib ki, D\u00f6vl\u0259t G\u00f6mr\u00fck Komit\u0259sinin &hellip;<\/p>\n","protected":false},"author":1,"featured_media":10685,"comment_status":"open","ping_status":"closed","sticky":false,"template":"","format":"standard","meta":{"footnotes":""},"categories":[6],"tags":[],"class_list":["post-10684","post","type-post","status-publish","format-standard","has-post-thumbnail","hentry","category-maqazin"],"_links":{"self":[{"href":"https:\/\/millitv.net\/index.php?rest_route=\/wp\/v2\/posts\/10684","targetHints":{"allow":["GET"]}}],"collection":[{"href":"https:\/\/millitv.net\/index.php?rest_route=\/wp\/v2\/posts"}],"about":[{"href":"https:\/\/millitv.net\/index.php?rest_route=\/wp\/v2\/types\/post"}],"author":[{"embeddable":true,"href":"https:\/\/millitv.net\/index.php?rest_route=\/wp\/v2\/users\/1"}],"replies":[{"embeddable":true,"href":"https:\/\/millitv.net\/index.php?rest_route=%2Fwp%2Fv2%2Fcomments&post=10684"}],"version-history":[{"count":1,"href":"https:\/\/millitv.net\/index.php?rest_route=\/wp\/v2\/posts\/10684\/revisions"}],"predecessor-version":[{"id":10686,"href":"https:\/\/millitv.net\/index.php?rest_route=\/wp\/v2\/posts\/10684\/revisions\/10686"}],"wp:featuredmedia":[{"embeddable":true,"href":"https:\/\/millitv.net\/index.php?rest_route=\/wp\/v2\/media\/10685"}],"wp:attachment":[{"href":"https:\/\/millitv.net\/index.php?rest_route=%2Fwp%2Fv2%2Fmedia&parent=10684"}],"wp:term":[{"taxonomy":"category","embeddable":true,"href":"https:\/\/millitv.net\/index.php?rest_route=%2Fwp%2Fv2%2Fcategories&post=10684"},{"taxonomy":"post_tag","embeddable":true,"href":"https:\/\/millitv.net\/index.php?rest_route=%2Fwp%2Fv2%2Ftags&post=10684"}],"curies":[{"name":"wp","href":"https:\/\/api.w.org\/{rel}","templated":true}]}}