{"id":10617,"date":"2024-04-13T11:33:00","date_gmt":"2024-04-13T11:33:00","guid":{"rendered":"https:\/\/millitv.net\/?p=10617"},"modified":"2024-04-13T17:32:10","modified_gmt":"2024-04-13T17:32:10","slug":"natiq-sirinovun-qizinin-ikinc%C9%99-d%C9%99f%C9%99-toyu-olacaq-foto","status":"publish","type":"post","link":"https:\/\/millitv.net\/?p=10617","title":{"rendered":"Natiq \u015eirinovun q\u0131z\u0131n\u0131n ikinc\u0259 d\u0259f\u0259 toyu olacaq &#8211; FOTO"},"content":{"rendered":"\n<p>Xalq artisti Natiq \u015eirinovun q\u0131z\u0131n\u0131n T\u00fcrkiy\u0259d\u0259 d\u0259 toy m\u0259clisi olacaq.<\/p>\n\n\n\n<p>Bu bar\u0259d\u0259 s\u0259n\u0259t\u00e7inin g\u0259lini Fatim\u0259 instaqram hesab\u0131nda t\u0259yyar\u0259d\u0259n payla\u015f\u0131m edib v\u0259&nbsp;<em>\u201cSiz\u0259 h\u0259r iki toydan vloq \u00e7\u0259k\u0259c\u0259m\u201d<\/em>&nbsp;yaz\u0131b.<\/p>\n\n\n\n<p>Qeyd ed\u0259k ki, Fatim\u0259 Xalq artisti Alim Qas\u0131movun n\u0259v\u0259si, \u018fm\u0259kdar artist F\u0259rqan\u0259 Qas\u0131movan\u0131n q\u0131z\u0131d\u0131r. O, Natiq \u015eirinovun o\u011flu \u00dcmidl\u0259 evlidir, onlar\u0131n \u015e\u0259ms adl\u0131 q\u0131z\u0131 var.<\/p>\n\n\n\n<p>Xat\u0131rladaq ki, N. \u015eirinovun q\u0131z\u0131 Sevil Semih adl\u0131 b\u0259yl\u0259 ail\u0259 qurub. \/ Olay.az<\/p>\n\n\n\n<figure class=\"wp-block-image\"><img decoding=\"async\" src=\"https:\/\/olay.az\/uploads\/posts\/2024-04\/1713003710_photo-output.webp\" alt=\"\" title=\"\"><\/figure>\n\n\n\n<figure class=\"wp-block-image\"><img decoding=\"async\" src=\"https:\/\/olay.az\/uploads\/posts\/2024-04\/img_5674.webp\" alt=\"\" title=\"\"><\/figure>\n\n\n\n<figure class=\"wp-block-image\"><img decoding=\"async\" src=\"https:\/\/olay.az\/uploads\/posts\/2024-04\/img_5669.webp\" alt=\"\" title=\"\"><\/figure>\n","protected":false},"excerpt":{"rendered":"<p>Xalq artisti Natiq \u015eirinovun q\u0131z\u0131n\u0131n T\u00fcrkiy\u0259d\u0259 d\u0259 toy m\u0259clisi olacaq. Bu bar\u0259d\u0259 s\u0259n\u0259t\u00e7inin g\u0259lini Fatim\u0259 instaqram hesab\u0131nda t\u0259yyar\u0259d\u0259n payla\u015f\u0131m edib v\u0259&nbsp;\u201cSiz\u0259 h\u0259r iki toydan vloq \u00e7\u0259k\u0259c\u0259m\u201d&nbsp;yaz\u0131b. Qeyd ed\u0259k ki, Fatim\u0259 Xalq artisti Alim Qas\u0131movun n\u0259v\u0259si, \u018fm\u0259kdar artist F\u0259rqan\u0259 Qas\u0131movan\u0131n q\u0131z\u0131d\u0131r. O, Natiq \u015eirinovun o\u011flu \u00dcmidl\u0259 evlidir, onlar\u0131n \u015e\u0259ms adl\u0131 q\u0131z\u0131 var. Xat\u0131rladaq ki, N. \u015eirinovun &hellip;<\/p>\n","protected":false},"author":1,"featured_media":10618,"comment_status":"open","ping_status":"closed","sticky":false,"template":"","format":"standard","meta":{"footnotes":""},"categories":[6],"tags":[],"class_list":["post-10617","post","type-post","status-publish","format-standard","has-post-thumbnail","hentry","category-maqazin"],"_links":{"self":[{"href":"https:\/\/millitv.net\/index.php?rest_route=\/wp\/v2\/posts\/10617","targetHints":{"allow":["GET"]}}],"collection":[{"href":"https:\/\/millitv.net\/index.php?rest_route=\/wp\/v2\/posts"}],"about":[{"href":"https:\/\/millitv.net\/index.php?rest_route=\/wp\/v2\/types\/post"}],"author":[{"embeddable":true,"href":"https:\/\/millitv.net\/index.php?rest_route=\/wp\/v2\/users\/1"}],"replies":[{"embeddable":true,"href":"https:\/\/millitv.net\/index.php?rest_route=%2Fwp%2Fv2%2Fcomments&post=10617"}],"version-history":[{"count":1,"href":"https:\/\/millitv.net\/index.php?rest_route=\/wp\/v2\/posts\/10617\/revisions"}],"predecessor-version":[{"id":10619,"href":"https:\/\/millitv.net\/index.php?rest_route=\/wp\/v2\/posts\/10617\/revisions\/10619"}],"wp:featuredmedia":[{"embeddable":true,"href":"https:\/\/millitv.net\/index.php?rest_route=\/wp\/v2\/media\/10618"}],"wp:attachment":[{"href":"https:\/\/millitv.net\/index.php?rest_route=%2Fwp%2Fv2%2Fmedia&parent=10617"}],"wp:term":[{"taxonomy":"category","embeddable":true,"href":"https:\/\/millitv.net\/index.php?rest_route=%2Fwp%2Fv2%2Fcategories&post=10617"},{"taxonomy":"post_tag","embeddable":true,"href":"https:\/\/millitv.net\/index.php?rest_route=%2Fwp%2Fv2%2Ftags&post=10617"}],"curies":[{"name":"wp","href":"https:\/\/api.w.org\/{rel}","templated":true}]}}