{"id":1055,"date":"2023-10-12T01:26:06","date_gmt":"2023-10-12T01:26:06","guid":{"rendered":"https:\/\/millinews.az\/xeber\/peskovdan-qarabagdaki-rus-sulhm%C9%99ramlilari-il%C9%99-bagli-aciqlama\/"},"modified":"2023-10-12T01:26:06","modified_gmt":"2023-10-12T01:26:06","slug":"peskovdan-qarabagdaki-rus-sulhm%C9%99ramlilari-il%C9%99-bagli-aciqlama","status":"publish","type":"post","link":"https:\/\/millitv.net\/?p=1055","title":{"rendered":"Peskovdan Qaraba\u011fdak\u0131 rus s\u00fclhm\u0259raml\u0131lar\u0131 il\u0259 ba\u011fl\u0131 a\u00e7\u0131qlama"},"content":{"rendered":"<div id=\"maincontent\">&#13;<br \/>\n        &#13;<\/p>\n<p><strong>Rusiya s\u00fclhm\u0259raml\u0131lar\u0131n Qaraba\u011fdak\u0131 m\u0259s\u0259l\u0259si Bak\u0131 administrasiyas\u0131 il\u0259 m\u00fczakir\u0259 olunacaq. <\/strong><\/p>\n<p><a href=\"https:\/\/Millinews.az\" target=\"_blank\" class=\"kw-link\" rel=\"noopener\">Millinews.az<\/a> x\u0259b\u0259r verir ki, Kremlin s\u00f6z\u00e7\u00fcs\u00fc Dmitri Peskov bel\u0259 deyib. Peskov Rusiya \u0259sg\u0259rl\u0259rinin faktiki v\u0259 qanuni olaraq Az\u0259rbaycan \u0259razisind\u0259 oldu\u011funa diqq\u0259t \u00e7\u0259kib.  &#13;\n  <\/p>\n<p>&#8220;Onlarla ba\u011fl\u0131 m\u0259s\u0259l\u0259l\u0259r\u0259 v\u0259 bununla ba\u011fl\u0131 b\u00fct\u00fcn m\u0259s\u0259l\u0259l\u0259r\u0259 g\u0259linc\u0259, bu, \u0259lb\u0259tt\u0259 ki, Az\u0259rbaycan t\u0259r\u0259fi il\u0259 m\u00fczakir\u0259 olunacaq&#8221;, &#8211; Peskov bildirib.   <\/p>\n<p>Rusiyan\u0131n Erm\u0259nistanla t\u0259maslar\u0131n\u0131 davam etdir\u0259c\u0259yini qeyd ed\u0259n Peskov qeyd edib ki, Nikol Pa\u015finyanla Rusiya Prezidenti Vladimir Putin aras\u0131nda son telefon dan\u0131\u015f\u0131\u011f\u0131nda Rusiya q\u00fcvv\u0259l\u0259rinin yerinin d\u0259yi\u015fdirilm\u0259si il\u0259 ba\u011fl\u0131 he\u00e7 bir m\u00fczakir\u0259 apar\u0131lmay\u0131b.&#13;<br \/>\n        &#13;<br \/>\n&#13;<br \/>\n        &#13;<br \/>\n&#13;\n        <\/p>\n<p><noscript><\/p>\n<p>You must enable Javascript on your browser for the site to work optimally and display sections completely.<\/p>\n<p><\/noscript>\t\t&#13;<br \/>\n\t\t&#13;\n    <\/div>\n<p><script type=\"text\/javascript\">jQuery(document).ready(function () {\n(function(d, s, id) {\n    var js, fjs = d.getElementsByTagName(s)[0];\n    if (d.getElementById(id))\n        return;\n    js = d.createElement(s);\n    js.id = id;\n    js.src = \"\/\/connect.facebook.net\/az_AZ\/all.js#xfbml=1&appId=1002485763137712\";\n    fjs.parentNode.insertBefore(js, fjs);\n}(document, 'script', 'facebook-jssdk'));                \n});<\/script><\/p>\n","protected":false},"excerpt":{"rendered":"<p>&#13; &#13; Rusiya s\u00fclhm\u0259raml\u0131lar\u0131n Qaraba\u011fdak\u0131 m\u0259s\u0259l\u0259si Bak\u0131 administrasiyas\u0131 il\u0259 m\u00fczakir\u0259 olunacaq. Millinews.az x\u0259b\u0259r verir ki, Kremlin s\u00f6z\u00e7\u00fcs\u00fc Dmitri Peskov bel\u0259 deyib. Peskov Rusiya \u0259sg\u0259rl\u0259rinin faktiki v\u0259 qanuni olaraq Az\u0259rbaycan \u0259razisind\u0259 oldu\u011funa diqq\u0259t \u00e7\u0259kib. &#13; &#8220;Onlarla ba\u011fl\u0131 m\u0259s\u0259l\u0259l\u0259r\u0259 v\u0259 bununla ba\u011fl\u0131 b\u00fct\u00fcn m\u0259s\u0259l\u0259l\u0259r\u0259 g\u0259linc\u0259, bu, \u0259lb\u0259tt\u0259 ki, Az\u0259rbaycan t\u0259r\u0259fi il\u0259 m\u00fczakir\u0259 olunacaq&#8221;, &#8211; Peskov bildirib. Rusiyan\u0131n &hellip;<\/p>\n","protected":false},"author":1,"featured_media":1056,"comment_status":"open","ping_status":"closed","sticky":false,"template":"","format":"standard","meta":{"footnotes":""},"categories":[9],"tags":[],"class_list":["post-1055","post","type-post","status-publish","format-standard","has-post-thumbnail","hentry","category-xeber"],"_links":{"self":[{"href":"https:\/\/millitv.net\/index.php?rest_route=\/wp\/v2\/posts\/1055","targetHints":{"allow":["GET"]}}],"collection":[{"href":"https:\/\/millitv.net\/index.php?rest_route=\/wp\/v2\/posts"}],"about":[{"href":"https:\/\/millitv.net\/index.php?rest_route=\/wp\/v2\/types\/post"}],"author":[{"embeddable":true,"href":"https:\/\/millitv.net\/index.php?rest_route=\/wp\/v2\/users\/1"}],"replies":[{"embeddable":true,"href":"https:\/\/millitv.net\/index.php?rest_route=%2Fwp%2Fv2%2Fcomments&post=1055"}],"version-history":[{"count":0,"href":"https:\/\/millitv.net\/index.php?rest_route=\/wp\/v2\/posts\/1055\/revisions"}],"wp:featuredmedia":[{"embeddable":true,"href":"https:\/\/millitv.net\/index.php?rest_route=\/wp\/v2\/media\/1056"}],"wp:attachment":[{"href":"https:\/\/millitv.net\/index.php?rest_route=%2Fwp%2Fv2%2Fmedia&parent=1055"}],"wp:term":[{"taxonomy":"category","embeddable":true,"href":"https:\/\/millitv.net\/index.php?rest_route=%2Fwp%2Fv2%2Fcategories&post=1055"},{"taxonomy":"post_tag","embeddable":true,"href":"https:\/\/millitv.net\/index.php?rest_route=%2Fwp%2Fv2%2Ftags&post=1055"}],"curies":[{"name":"wp","href":"https:\/\/api.w.org\/{rel}","templated":true}]}}