{"id":10523,"date":"2024-04-10T19:32:20","date_gmt":"2024-04-10T19:32:20","guid":{"rendered":"https:\/\/millitv.net\/?p=10523"},"modified":"2024-04-10T19:32:24","modified_gmt":"2024-04-10T19:32:24","slug":"seyxin-namaz-mohuru-gund%C9%99m-oldu-foto","status":"publish","type":"post","link":"https:\/\/millitv.net\/?p=10523","title":{"rendered":"\u015eeyxin namaz m\u00f6h\u00fcr\u00fc g\u00fcnd\u0259m oldu \u2013 FOTO"},"content":{"rendered":"\n<p><strong>X\u0259b\u0259r verdiyimiz kimi, bu g\u00fcn Az\u0259rbaycanda Ramazan ay\u0131n\u0131n ba\u015fa \u00e7atmas\u0131 m\u00fcnasib\u0259til\u0259 T\u0259z\u0259pir m\u0259scidind\u0259 bayram namaz\u0131 q\u0131l\u0131n\u0131b.<\/strong><\/p>\n\n\n\n<p>Bayram namaz\u0131 Qafqaz M\u00fcs\u0259lmanlar\u0131 \u0130dar\u0259sinin (QM\u0130) s\u0259dri \u015feyx\u00fclislam Allah\u015f\u00fck\u00fcr Pa\u015fazad\u0259nin imam\u0259tliyi il\u0259 q\u0131l\u0131n\u0131b.<\/p>\n\n\n\n<p>\u015eeyx\u00fclislam\u0131n ibad\u0259t zaman\u0131 istifad\u0259 etdiyi namaz m\u00f6h\u00fcr\u00fc b\u00f6y\u00fckl\u00fcy\u00fcn\u0259 g\u00f6r\u0259 h\u0259r k\u0259si t\u0259\u0259cc\u00fcbl\u0259ndirib. Bel\u0259 ki, m\u00f6h\u00fcr standart m\u00f6h\u00fcrl\u0259rd\u0259n xeyli iri olub. G\u00f6r\u00fcnt\u00fc sosial \u015f\u0259b\u0259k\u0259l\u0259rd\u0259 payla\u015f\u0131l\u0131b v\u0259 m\u00fczakir\u0259 obyektin\u0259 \u00e7evrilib. \/ yenisabah.az<\/p>\n\n\n\n<figure class=\"wp-block-image\"><img decoding=\"async\" src=\"https:\/\/show.az\/uploads\/image\/original\/2024-04\/66168b9feb646202404245247.jpg\" alt=\"\" title=\"\"><\/figure>\n","protected":false},"excerpt":{"rendered":"<p>X\u0259b\u0259r verdiyimiz kimi, bu g\u00fcn Az\u0259rbaycanda Ramazan ay\u0131n\u0131n ba\u015fa \u00e7atmas\u0131 m\u00fcnasib\u0259til\u0259 T\u0259z\u0259pir m\u0259scidind\u0259 bayram namaz\u0131 q\u0131l\u0131n\u0131b. Bayram namaz\u0131 Qafqaz M\u00fcs\u0259lmanlar\u0131 \u0130dar\u0259sinin (QM\u0130) s\u0259dri \u015feyx\u00fclislam Allah\u015f\u00fck\u00fcr Pa\u015fazad\u0259nin imam\u0259tliyi il\u0259 q\u0131l\u0131n\u0131b. \u015eeyx\u00fclislam\u0131n ibad\u0259t zaman\u0131 istifad\u0259 etdiyi namaz m\u00f6h\u00fcr\u00fc b\u00f6y\u00fckl\u00fcy\u00fcn\u0259 g\u00f6r\u0259 h\u0259r k\u0259si t\u0259\u0259cc\u00fcbl\u0259ndirib. Bel\u0259 ki, m\u00f6h\u00fcr standart m\u00f6h\u00fcrl\u0259rd\u0259n xeyli iri olub. G\u00f6r\u00fcnt\u00fc sosial \u015f\u0259b\u0259k\u0259l\u0259rd\u0259 payla\u015f\u0131l\u0131b v\u0259 m\u00fczakir\u0259 &hellip;<\/p>\n","protected":false},"author":1,"featured_media":10524,"comment_status":"open","ping_status":"closed","sticky":false,"template":"","format":"standard","meta":{"footnotes":""},"categories":[3],"tags":[],"class_list":["post-10523","post","type-post","status-publish","format-standard","has-post-thumbnail","hentry","category-olke"],"_links":{"self":[{"href":"https:\/\/millitv.net\/index.php?rest_route=\/wp\/v2\/posts\/10523","targetHints":{"allow":["GET"]}}],"collection":[{"href":"https:\/\/millitv.net\/index.php?rest_route=\/wp\/v2\/posts"}],"about":[{"href":"https:\/\/millitv.net\/index.php?rest_route=\/wp\/v2\/types\/post"}],"author":[{"embeddable":true,"href":"https:\/\/millitv.net\/index.php?rest_route=\/wp\/v2\/users\/1"}],"replies":[{"embeddable":true,"href":"https:\/\/millitv.net\/index.php?rest_route=%2Fwp%2Fv2%2Fcomments&post=10523"}],"version-history":[{"count":1,"href":"https:\/\/millitv.net\/index.php?rest_route=\/wp\/v2\/posts\/10523\/revisions"}],"predecessor-version":[{"id":10525,"href":"https:\/\/millitv.net\/index.php?rest_route=\/wp\/v2\/posts\/10523\/revisions\/10525"}],"wp:featuredmedia":[{"embeddable":true,"href":"https:\/\/millitv.net\/index.php?rest_route=\/wp\/v2\/media\/10524"}],"wp:attachment":[{"href":"https:\/\/millitv.net\/index.php?rest_route=%2Fwp%2Fv2%2Fmedia&parent=10523"}],"wp:term":[{"taxonomy":"category","embeddable":true,"href":"https:\/\/millitv.net\/index.php?rest_route=%2Fwp%2Fv2%2Fcategories&post=10523"},{"taxonomy":"post_tag","embeddable":true,"href":"https:\/\/millitv.net\/index.php?rest_route=%2Fwp%2Fv2%2Ftags&post=10523"}],"curies":[{"name":"wp","href":"https:\/\/api.w.org\/{rel}","templated":true}]}}