{"id":10513,"date":"2024-04-16T10:36:46","date_gmt":"2024-04-16T10:36:46","guid":{"rendered":"https:\/\/millitv.net\/?p=10513"},"modified":"2024-04-16T21:59:23","modified_gmt":"2024-04-16T21:59:23","slug":"b%C9%99s-biz%C9%99-dedil%C9%99r-ki-bel%C9%99-verilisl%C9%99r-baglanacaq-nec%C9%99-d%C9%99f%C9%99-%C9%99mizdirmis%C9%99n%C9%99-soz-atdi","status":"publish","type":"post","link":"https:\/\/millitv.net\/?p=10513","title":{"rendered":"&#8220;B\u0259s biz\u0259 dedil\u0259r ki, bel\u0259 verili\u015fl\u0259r ba\u011flanacaq&#8221; -Ne\u00e7\u0259 d\u0259f\u0259 \u0259mizdirmis\u0259n?&#8221;\u0259 s\u00f6z atd\u0131"},"content":{"rendered":"\n<p>Aktyor \u018flixan R\u0259c\u0259bov \u018fm\u0259kdar artist Vahid \u018fliyevin g\u00fcnd\u0259m olan \u201cNe\u00e7\u0259 d\u0259f\u0259 \u0259mizdirmis\u0259n?\u201d ifad\u0259si il\u0259 ba\u011fl\u0131 payla\u015f\u0131m edib.<\/p>\n\n\n\n<p>Bu bar\u0259d\u0259 o, \u201cInstagram\u201d\u0131n hekay\u0259 b\u00f6lm\u0259sind\u0259 yaz\u0131b.<\/p>\n\n\n\n<p>\u201cB\u0259s biz\u0259 dedil\u0259r ki, bel\u0259 verili\u015fl\u0259r ba\u011flanacaq. Ne\u00e7\u0259 d\u0259f\u0259 o s\u00f6z\u00fc dedi?\u201d, &#8211; dey\u0259 R\u0259c\u0259bov yaz\u0131b.<\/p>\n\n\n\n<p>Qeyd ed\u0259k ki, V.\u018fliyevin \u201cG\u0259l dan\u0131\u015f\u201d verili\u015finin efirin\u0259 \u00e7\u0131xan qad\u0131na bir ne\u00e7\u0259 d\u0259f\u0259 \u201cNe\u00e7\u0259 d\u0259f\u0259 \u0259mizdirmis\u0259n?\u201d sual\u0131n\u0131 verm\u0259si sosial mediada birm\u0259nal\u0131 qar\u015f\u0131lanmay\u0131b.<\/p>\n\n\n\n<figure class=\"wp-block-image\"><img decoding=\"async\" src=\"https:\/\/cdn.oxu.az\/uploads\/W1siZiIsIjIwMjQvMDQvMDYvMDAvMTQvMzMvNDI2ZDQ5NGYtNWI2Ni00NDkxLTk5YWMtNmJkMWEwNDNhNjU0L1doYXRzQXBwIEltYWdlIDIwMjQtMDQtMDYgYXQgMDAuMTQuMTUuanBlZyJdLFsicCIsImVuY29kZSIsImpwZyIsIi1xdWFsaXR5IDgwIl0sWyJwIiwidGh1bWIiLCI1OTB4NTkwXHUwMDNlIl1d?sha=78001f0c1aaebf2c\" alt=\"\" title=\"\"><\/figure>\n","protected":false},"excerpt":{"rendered":"<p>Aktyor \u018flixan R\u0259c\u0259bov \u018fm\u0259kdar artist Vahid \u018fliyevin g\u00fcnd\u0259m olan \u201cNe\u00e7\u0259 d\u0259f\u0259 \u0259mizdirmis\u0259n?\u201d ifad\u0259si il\u0259 ba\u011fl\u0131 payla\u015f\u0131m edib. Bu bar\u0259d\u0259 o, \u201cInstagram\u201d\u0131n hekay\u0259 b\u00f6lm\u0259sind\u0259 yaz\u0131b. \u201cB\u0259s biz\u0259 dedil\u0259r ki, bel\u0259 verili\u015fl\u0259r ba\u011flanacaq. Ne\u00e7\u0259 d\u0259f\u0259 o s\u00f6z\u00fc dedi?\u201d, &#8211; dey\u0259 R\u0259c\u0259bov yaz\u0131b. Qeyd ed\u0259k ki, V.\u018fliyevin \u201cG\u0259l dan\u0131\u015f\u201d verili\u015finin efirin\u0259 \u00e7\u0131xan qad\u0131na bir ne\u00e7\u0259 d\u0259f\u0259 \u201cNe\u00e7\u0259 d\u0259f\u0259 &hellip;<\/p>\n","protected":false},"author":1,"featured_media":10514,"comment_status":"open","ping_status":"closed","sticky":false,"template":"","format":"standard","meta":{"footnotes":""},"categories":[6],"tags":[],"class_list":["post-10513","post","type-post","status-publish","format-standard","has-post-thumbnail","hentry","category-maqazin"],"_links":{"self":[{"href":"https:\/\/millitv.net\/index.php?rest_route=\/wp\/v2\/posts\/10513","targetHints":{"allow":["GET"]}}],"collection":[{"href":"https:\/\/millitv.net\/index.php?rest_route=\/wp\/v2\/posts"}],"about":[{"href":"https:\/\/millitv.net\/index.php?rest_route=\/wp\/v2\/types\/post"}],"author":[{"embeddable":true,"href":"https:\/\/millitv.net\/index.php?rest_route=\/wp\/v2\/users\/1"}],"replies":[{"embeddable":true,"href":"https:\/\/millitv.net\/index.php?rest_route=%2Fwp%2Fv2%2Fcomments&post=10513"}],"version-history":[{"count":1,"href":"https:\/\/millitv.net\/index.php?rest_route=\/wp\/v2\/posts\/10513\/revisions"}],"predecessor-version":[{"id":10515,"href":"https:\/\/millitv.net\/index.php?rest_route=\/wp\/v2\/posts\/10513\/revisions\/10515"}],"wp:featuredmedia":[{"embeddable":true,"href":"https:\/\/millitv.net\/index.php?rest_route=\/wp\/v2\/media\/10514"}],"wp:attachment":[{"href":"https:\/\/millitv.net\/index.php?rest_route=%2Fwp%2Fv2%2Fmedia&parent=10513"}],"wp:term":[{"taxonomy":"category","embeddable":true,"href":"https:\/\/millitv.net\/index.php?rest_route=%2Fwp%2Fv2%2Fcategories&post=10513"},{"taxonomy":"post_tag","embeddable":true,"href":"https:\/\/millitv.net\/index.php?rest_route=%2Fwp%2Fv2%2Ftags&post=10513"}],"curies":[{"name":"wp","href":"https:\/\/api.w.org\/{rel}","templated":true}]}}