{"id":10458,"date":"2024-04-08T08:48:01","date_gmt":"2024-04-08T08:48:01","guid":{"rendered":"https:\/\/millitv.net\/?p=10458"},"modified":"2024-04-08T08:48:18","modified_gmt":"2024-04-08T08:48:18","slug":"d%C9%99f%C9%99l%C9%99rl%C9%99-bosanmaq-ist%C9%99mis%C9%99m-amma-o-%C9%99l-c%C9%99kmir-xalq-artisti-ikinci-h%C9%99yat-yoldasindan-danisdi","status":"publish","type":"post","link":"https:\/\/millitv.net\/?p=10458","title":{"rendered":"\u201cD\u0259f\u0259l\u0259rl\u0259 bo\u015fanmaq ist\u0259mi\u015f\u0259m, amma o \u0259l \u00e7\u0259kmir\u201d &#8211; Xalq artisti ikinci h\u0259yat yolda\u015f\u0131ndan dan\u0131\u015fd\u0131"},"content":{"rendered":"\n<p>&#8220;\u0130kinci d\u0259f\u0259 ail\u0259 qurma\u011f\u0131mdan raz\u0131 deyil\u0259m. M\u0259n &#8220;a\u011f\u0131 qaradan ay\u0131ra bilm\u0259dim&#8221;&#8230; H\u0259yat yolda\u015f\u0131m da m\u0259nim raz\u0131 olmad\u0131\u011f\u0131m\u0131 bilir. Bu haqda da ona d\u0259f\u0259l\u0259rl\u0259 demi\u015f\u0259m. M\u0259n he\u00e7 bilmir\u0259m h\u0259yat yolda\u015f\u0131m m\u0259ni ist\u0259yir, yoxsa yox. \u0130st\u0259k h\u0259r\u0259k\u0259tl\u0259r v\u0259 \u0259m\u0259ll\u0259rl\u0259 m\u0259lum olmal\u0131d\u0131r&#8221;.&nbsp;<\/p>\n\n\n\n<p>Bu s\u00f6zl\u0259ri Xalq artisti Naib\u0259 Allahverdiyeva &#8220;H\u0259ft\u0259nin qona\u011f\u0131&#8221; verili\u015find\u0259 deyib.&nbsp;<\/p>\n\n\n\n<p>Aktrisa ikinci h\u0259yat yolda\u015f\u0131 Yusif b\u0259yl\u0259 m\u00fcnasib\u0259tl\u0259rind\u0259n s\u00f6z a\u00e7\u0131b:&nbsp;<\/p>\n\n\n\n<p>&#8220;Ki\u015fi qaya, qad\u0131n is\u0259 d\u0259nizin dal\u011fas\u0131d\u0131r. Vurur \u00f6z\u00fcn\u00fc qayaya&#8230; Qaya is\u0259 d\u00fcpp\u0259d\u00fcz durur. \u018fks cinsin n\u00fcmayy\u0259nd\u0259l\u0259ri d\u00fc\u015f\u00fcn\u00fcrl\u0259r ki, qad\u0131nlar h\u0259r zaman naraz\u0131d\u0131rlar. Amma m\u0259n naraz\u0131 deyil\u0259m. M\u0259n &#8220;H\u0259r \u015fey var, amma bu naraz\u0131d\u0131r&#8221; d\u00fc\u015f\u00fcnc\u0259sind\u0259 \u0259sla deyil\u0259m. \u00dcmumiyy\u0259tl\u0259, he\u00e7 n\u0259 yoxdur. D\u0259f\u0259l\u0259rl\u0259 bo\u015fanmaq ist\u0259mi\u015f\u0259m. Amma h\u0259yat yolda\u015f\u0131m m\u0259nd\u0259n \u0259l \u00e7\u0259kmir. Yen\u0259 deyir\u0259m ist\u0259m\u0259k s\u00f6zd\u0259 yox \u0259m\u0259ld\u0259 olmal\u0131d\u0131r. B\u0259z\u0259n ki\u015fil\u0259r qad\u0131nlara &#8220;sevgi&#8221; s\u00f6z\u00fcn\u00fc bel\u0259 q\u0131ym\u0131rlar. M\u0259n \u015f\u0131ltaq deyil\u0259m. K\u00fcs\u0259y\u0259n\u0259m&#8230;<\/p>\n\n\n\n<p>M\u0259n insanam ax\u0131&#8230; B\u0259lk\u0259 d\u0259 m\u0259nim kimi qad\u0131nlar \u00e7ox azd\u0131r. Bu 8 il evliliyin 3 ilini t\u0259kc\u0259 sevgi i\u00e7ind\u0259 ya\u015fam\u0131\u015fam. \u00c7ox \u015feyl\u0259r oldu. Kaprizli insan deyil\u0259m. \u00c7ox t\u0259mizkaram. \u00c7ox \u015fey t\u0259l\u0259b ed\u0259n qad\u0131n deyil\u0259m. Bel\u0259 qad\u0131n\u0131 hans\u0131 ki\u015fi \u0259ld\u0259n buraxmaq ist\u0259y\u0259r? Qalmaqal yaradan qad\u0131n deyil\u0259m. Bu q\u0259d\u0259r teatrda i\u015fl\u0259mi\u015f\u0259m, amma indiy\u0259 kimi he\u00e7 kimin x\u0259trin\u0259 d\u0259ym\u0259mi\u015f\u0259m&#8221;.<\/p>\n\n\n\n<p>Qeyd ed\u0259k ki, bir m\u00fcdd\u0259t \u0259vv\u0259l Xalq artisti Naib\u0259 Allahverdiyeva il\u0259 ikinci h\u0259yat yolda\u015f\u0131 Yusif b\u0259y aras\u0131nda s\u00f6z-s\u00f6hb\u0259t ya\u015fan\u0131b v\u0259 aktrisa ondan ayr\u0131lmaq ist\u0259yib.<\/p>\n\n\n\n<p>&#8220;Biziml\u0259s\u0259n&#8221; ictimai-sosial proqram\u0131nda c\u00fctl\u00fcy\u00fcn ail\u0259 dram\u0131 m\u00fczakir\u0259y\u0259 \u00e7\u0131xar\u0131l\u0131b. Naib\u0259nin \u0259ri verili\u015fin canl\u0131 efirin\u0259 z\u0259ng ed\u0259r\u0259k, qar\u015f\u0131 t\u0259r\u0259fin onu ba\u011f\u0131\u015flamas\u0131n\u0131 ist\u0259yib. Allahverdiyeva verili\u015fin apar\u0131c\u0131s\u0131 Zaur Bax\u015f\u0259liyevin t\u0259kidi il\u0259 ona ikinci \u015fans verib. \/&nbsp;bizim.media<\/p>\n","protected":false},"excerpt":{"rendered":"<p>&#8220;\u0130kinci d\u0259f\u0259 ail\u0259 qurma\u011f\u0131mdan raz\u0131 deyil\u0259m. M\u0259n &#8220;a\u011f\u0131 qaradan ay\u0131ra bilm\u0259dim&#8221;&#8230; H\u0259yat yolda\u015f\u0131m da m\u0259nim raz\u0131 olmad\u0131\u011f\u0131m\u0131 bilir. Bu haqda da ona d\u0259f\u0259l\u0259rl\u0259 demi\u015f\u0259m. M\u0259n he\u00e7 bilmir\u0259m h\u0259yat yolda\u015f\u0131m m\u0259ni ist\u0259yir, yoxsa yox. \u0130st\u0259k h\u0259r\u0259k\u0259tl\u0259r v\u0259 \u0259m\u0259ll\u0259rl\u0259 m\u0259lum olmal\u0131d\u0131r&#8221;.&nbsp; Bu s\u00f6zl\u0259ri Xalq artisti Naib\u0259 Allahverdiyeva &#8220;H\u0259ft\u0259nin qona\u011f\u0131&#8221; verili\u015find\u0259 deyib.&nbsp; Aktrisa ikinci h\u0259yat yolda\u015f\u0131 Yusif b\u0259yl\u0259 &hellip;<\/p>\n","protected":false},"author":1,"featured_media":10459,"comment_status":"open","ping_status":"closed","sticky":false,"template":"","format":"standard","meta":{"footnotes":""},"categories":[6],"tags":[],"class_list":["post-10458","post","type-post","status-publish","format-standard","has-post-thumbnail","hentry","category-maqazin"],"_links":{"self":[{"href":"https:\/\/millitv.net\/index.php?rest_route=\/wp\/v2\/posts\/10458","targetHints":{"allow":["GET"]}}],"collection":[{"href":"https:\/\/millitv.net\/index.php?rest_route=\/wp\/v2\/posts"}],"about":[{"href":"https:\/\/millitv.net\/index.php?rest_route=\/wp\/v2\/types\/post"}],"author":[{"embeddable":true,"href":"https:\/\/millitv.net\/index.php?rest_route=\/wp\/v2\/users\/1"}],"replies":[{"embeddable":true,"href":"https:\/\/millitv.net\/index.php?rest_route=%2Fwp%2Fv2%2Fcomments&post=10458"}],"version-history":[{"count":1,"href":"https:\/\/millitv.net\/index.php?rest_route=\/wp\/v2\/posts\/10458\/revisions"}],"predecessor-version":[{"id":10460,"href":"https:\/\/millitv.net\/index.php?rest_route=\/wp\/v2\/posts\/10458\/revisions\/10460"}],"wp:featuredmedia":[{"embeddable":true,"href":"https:\/\/millitv.net\/index.php?rest_route=\/wp\/v2\/media\/10459"}],"wp:attachment":[{"href":"https:\/\/millitv.net\/index.php?rest_route=%2Fwp%2Fv2%2Fmedia&parent=10458"}],"wp:term":[{"taxonomy":"category","embeddable":true,"href":"https:\/\/millitv.net\/index.php?rest_route=%2Fwp%2Fv2%2Fcategories&post=10458"},{"taxonomy":"post_tag","embeddable":true,"href":"https:\/\/millitv.net\/index.php?rest_route=%2Fwp%2Fv2%2Ftags&post=10458"}],"curies":[{"name":"wp","href":"https:\/\/api.w.org\/{rel}","templated":true}]}}