{"id":10447,"date":"2024-04-08T08:06:40","date_gmt":"2024-04-08T08:06:40","guid":{"rendered":"https:\/\/millitv.net\/?p=10447"},"modified":"2024-04-08T08:06:41","modified_gmt":"2024-04-08T08:06:41","slug":"efird%C9%99-el%C9%99-h%C9%99r%C9%99k%C9%99t-edirl%C9%99r-ki-utaniram-x%C9%99cal%C9%99t-c%C9%99kir%C9%99m-onlarin-bir-yiy%C9%99si-usagi-ail%C9%99si-yoxdur","status":"publish","type":"post","link":"https:\/\/millitv.net\/?p=10447","title":{"rendered":"&#8220;Efird\u0259 el\u0259 h\u0259r\u0259k\u0259t edirl\u0259r ki, utan\u0131ram, x\u0259cal\u0259t \u00e7\u0259kir\u0259m&#8221; &#8211; Onlar\u0131n bir yiy\u0259si, u\u015fa\u011f\u0131, ail\u0259si yoxdur?"},"content":{"rendered":"\n<p><strong>Xalq artisti \u0130lham Namiq Kamal s\u0259n\u0259t adamlar\u0131n\u0131 t\u0259nqid edib.<\/strong><\/p>\n\n\n\n<p>Aktyor bu haqda &#8220;G\u00fcnd\u0259n-g\u00fcn\u0259&#8221; verili\u015find\u0259 dan\u0131\u015f\u0131b. O bildirib ki, b\u0259zi s\u0259n\u0259t adamlar\u0131n\u0131n efird\u0259 davran\u0131\u015f\u0131n\u0131 b\u0259y\u0259nmir:<\/p>\n\n\n\n<p>&#8220;O s\u0259n\u0259tkarlara b\u00f6y\u00fck h\u00f6rm\u0259tim var ki, h\u0259yatda ba\u015fqa, s\u0259hn\u0259d\u0259 tam ba\u015fqad\u0131rlar. B\u0259zil\u0259ri var ki, bir rol oynay\u0131r, h\u0259yatda da \u00f6z\u00fcn\u00fc o c\u00fcr apar\u0131rlar. B\u0259zi s\u0259n\u0259t adamlar\u0131 \u00e7\u0131x\u0131b efird\u0259 el\u0259 h\u0259r\u0259k\u0259t edirl\u0259r&nbsp;ki&#8230; Utan\u0131ram, x\u0259cal\u0259t \u00e7\u0259kir\u0259m. D\u00fc\u015f\u00fcn\u00fcr\u0259m ki, g\u00f6r\u0259s\u0259n onun bir yiy\u0259si, u\u015fa\u011f\u0131, ail\u0259si yoxdur?&nbsp;Ona g\u00f6r\u0259 d\u0259 t\u0259v\u0259z\u00f6kar&nbsp;olmaq laz\u0131md\u0131r. Allah s\u0259n\u0259t, g\u00f6rk\u0259m verir, ba\u015fqa n\u0259 laz\u0131md\u0131r?&#8221;.&nbsp; \/ Axsam.az<\/p>\n","protected":false},"excerpt":{"rendered":"<p>Xalq artisti \u0130lham Namiq Kamal s\u0259n\u0259t adamlar\u0131n\u0131 t\u0259nqid edib. Aktyor bu haqda &#8220;G\u00fcnd\u0259n-g\u00fcn\u0259&#8221; verili\u015find\u0259 dan\u0131\u015f\u0131b. O bildirib ki, b\u0259zi s\u0259n\u0259t adamlar\u0131n\u0131n efird\u0259 davran\u0131\u015f\u0131n\u0131 b\u0259y\u0259nmir: &#8220;O s\u0259n\u0259tkarlara b\u00f6y\u00fck h\u00f6rm\u0259tim var ki, h\u0259yatda ba\u015fqa, s\u0259hn\u0259d\u0259 tam ba\u015fqad\u0131rlar. B\u0259zil\u0259ri var ki, bir rol oynay\u0131r, h\u0259yatda da \u00f6z\u00fcn\u00fc o c\u00fcr apar\u0131rlar. B\u0259zi s\u0259n\u0259t adamlar\u0131 \u00e7\u0131x\u0131b efird\u0259 el\u0259 h\u0259r\u0259k\u0259t edirl\u0259r&nbsp;ki&#8230; &hellip;<\/p>\n","protected":false},"author":1,"featured_media":10448,"comment_status":"open","ping_status":"closed","sticky":false,"template":"","format":"standard","meta":{"footnotes":""},"categories":[1],"tags":[],"class_list":["post-10447","post","type-post","status-publish","format-standard","has-post-thumbnail","hentry","category-idman"],"_links":{"self":[{"href":"https:\/\/millitv.net\/index.php?rest_route=\/wp\/v2\/posts\/10447","targetHints":{"allow":["GET"]}}],"collection":[{"href":"https:\/\/millitv.net\/index.php?rest_route=\/wp\/v2\/posts"}],"about":[{"href":"https:\/\/millitv.net\/index.php?rest_route=\/wp\/v2\/types\/post"}],"author":[{"embeddable":true,"href":"https:\/\/millitv.net\/index.php?rest_route=\/wp\/v2\/users\/1"}],"replies":[{"embeddable":true,"href":"https:\/\/millitv.net\/index.php?rest_route=%2Fwp%2Fv2%2Fcomments&post=10447"}],"version-history":[{"count":1,"href":"https:\/\/millitv.net\/index.php?rest_route=\/wp\/v2\/posts\/10447\/revisions"}],"predecessor-version":[{"id":10449,"href":"https:\/\/millitv.net\/index.php?rest_route=\/wp\/v2\/posts\/10447\/revisions\/10449"}],"wp:featuredmedia":[{"embeddable":true,"href":"https:\/\/millitv.net\/index.php?rest_route=\/wp\/v2\/media\/10448"}],"wp:attachment":[{"href":"https:\/\/millitv.net\/index.php?rest_route=%2Fwp%2Fv2%2Fmedia&parent=10447"}],"wp:term":[{"taxonomy":"category","embeddable":true,"href":"https:\/\/millitv.net\/index.php?rest_route=%2Fwp%2Fv2%2Fcategories&post=10447"},{"taxonomy":"post_tag","embeddable":true,"href":"https:\/\/millitv.net\/index.php?rest_route=%2Fwp%2Fv2%2Ftags&post=10447"}],"curies":[{"name":"wp","href":"https:\/\/api.w.org\/{rel}","templated":true}]}}