{"id":1039,"date":"2023-10-11T22:22:06","date_gmt":"2023-10-11T22:22:06","guid":{"rendered":"https:\/\/millinews.az\/xeber\/fransa-prezidentinin-verdiyi-b%C9%99yanat-yalniz-gulus-dogura-bil%C9%99r\/"},"modified":"2023-10-11T22:22:06","modified_gmt":"2023-10-11T22:22:06","slug":"fransa-prezidentinin-verdiyi-b%C9%99yanat-yalniz-gulus-dogura-bil%C9%99r","status":"publish","type":"post","link":"https:\/\/millitv.net\/?p=1039","title":{"rendered":"&#8220;Fransa Prezidentinin verdiyi b\u0259yanat yaln\u0131z g\u00fcl\u00fc\u015f do\u011fura bil\u0259r&#8221;"},"content":{"rendered":"<div id=\"maincontent\">&#13;<br \/>\n        &#13;<\/p>\n<p><strong>&#8220;Fransa Prezidentinin bu yax\u0131nlarda Az\u0259rbaycan\u0131n beyn\u0259lxalq h\u00fcquqla probleml\u0259ri oldu\u011funa dair verdiyi b\u0259yanat yaln\u0131z g\u00fcl\u00fc\u015f do\u011fura bil\u0259r&#8221;.<\/strong><\/p>\n<p><a href=\"https:\/\/Millinews.az\" target=\"_blank\" class=\"kw-link\" rel=\"noopener\">Millinews.az<\/a> x\u0259b\u0259r verir ki, bunu Az\u0259rbaycan Prezidenti \u0130lham \u018fliyev oktyabr\u0131n 11-d\u0259 MDB-y\u0259 \u00fczv d\u00f6vl\u0259tl\u0259rin t\u0259hl\u00fck\u0259sizlik v\u0259 x\u00fcsusi xidm\u0259t orqanlar\u0131 r\u0259hb\u0259rl\u0259ri \u015euras\u0131n\u0131n 53-c\u00fc iclas\u0131n\u0131n i\u015ftirak\u00e7\u0131lar\u0131n\u0131 q\u0259bul ed\u0259rk\u0259n deyib. &#13;\n<\/p>\n<p>D\u00f6vl\u0259t ba\u015f\u00e7\u0131s\u0131 Fransadan dan\u0131\u015fanda, bu \u00f6lk\u0259nin r\u0259hb\u0259rliyinin 2020-ci ilin b\u00fct\u00fcn d\u00f6vr\u00fcnd\u0259n ba\u015flayan v\u0259 indi d\u0259 davam ed\u0259n qeyri-konstruktiv v\u0259 t\u0259xribat\u00e7\u0131 rolunu da qeyd edib: &#8220;Az\u0259rbaycan\u0131n \u00fcnvan\u0131na \u00e7oxsayl\u0131 ittihamlar, \u0259sass\u0131z t\u0259hdidl\u0259r v\u0259 \u015fantaj he\u00e7 bir s\u0259m\u0259r\u0259 verm\u0259di. Fransa Prezidentinin bu yax\u0131nlarda Az\u0259rbaycan\u0131n beyn\u0259lxalq h\u00fcquqla probleml\u0259ri oldu\u011funa dair verdiyi b\u0259yanat yaln\u0131z g\u00fcl\u00fc\u015f do\u011fura bil\u0259r. \u00c7\u00fcnki Az\u0259rbaycan beyn\u0259lxalq h\u00fcququ pozmay\u0131b. Biz \u00f6z \u0259razimizd\u0259 d\u00f6y\u00fc\u015fm\u00fc\u015f\u00fck, separatizmi aradan qald\u0131rm\u0131\u015f\u0131q, b\u00fct\u00fcn humanitar normalara, Cenevr\u0259 Konvensiyas\u0131na \u0259m\u0259l etmi\u015fik. Beyn\u0259lxalq h\u00fcququ is\u0259 30 il \u0259rzind\u0259 Fransan\u0131n \u0259lalt\u0131s\u0131, bu g\u00fcn onun \u0259sas m\u00fctt\u0259fiqi olan Erm\u0259nistan ba\u015fqa d\u00f6vl\u0259tin \u0259razisini i\u015f\u011fal ed\u0259r\u0259k pozub. Nec\u0259 dey\u0259rl\u0259r, \u00f6z g\u00f6z\u00fcnd\u0259 tiri g\u00f6rm\u0259yib ba\u015fqas\u0131n\u0131n g\u00f6z\u00fcnd\u0259 t\u00fck axtarmaq laz\u0131m deyil. Frans\u0131z rejimi milyon yar\u0131m \u0259lc\u0259zairlini t\u0259kc\u0259 \u0259lc\u0259zairli v\u0259 m\u00fcs\u0259lman oldu\u011funa g\u00f6r\u0259 m\u0259hv edib. Bu, soyq\u0131r\u0131m\u0131d\u0131r. H\u0259l\u0259 Fransan\u0131n Afrikada, Afrikan\u0131n dig\u0259r hiss\u0259l\u0259rind\u0259 v\u0259 b\u00fct\u00fcn d\u00fcnyada qanl\u0131 cinay\u0259tl\u0259rini demir\u0259m. Fransan\u0131n bu g\u00fcn m\u00fcst\u0259ml\u0259k\u0259l\u0259r saxlamas\u0131 da a\u011flas\u0131\u011fmazd\u0131r. Az\u0259rbaycan v\u0259 \u015f\u0259xs\u0259n m\u0259nim t\u0259r\u0259fimd\u0259n bu m\u0259s\u0259l\u0259 Qo\u015fulmama H\u0259r\u0259kat\u0131n\u0131n s\u0259dri kimi d\u0259f\u0259l\u0259rl\u0259 Qo\u015fulmama H\u0259r\u0259kat\u0131n\u0131n sammitl\u0259rind\u0259 qald\u0131r\u0131l\u0131b v\u0259 qanl\u0131 m\u00fcst\u0259ml\u0259k\u0259 ke\u00e7mi\u015fi olan v\u0259 h\u0259tta bu g\u00fcn b\u0259zi Afrika \u00f6lk\u0259l\u0259rinin n\u0259 q\u0259d\u0259r s\u0259y g\u00f6st\u0259rs\u0259l\u0259r d\u0259, xilas ola bilm\u0259dikl\u0259ri bu \u00f6lk\u0259 bizi beyn\u0259lxalq h\u00fcququ pozmaqda ittiham edir. Bu, absurddur&#8221;.&#13;<br \/>\n        &#13;<br \/>\n&#13;<br \/>\n        &#13;<br \/>\n&#13;\n        <\/p>\n<p><noscript><\/p>\n<p>You must enable Javascript on your browser for the site to work optimally and display sections completely.<\/p>\n<p><\/noscript>\t\t&#13;<br \/>\n\t\t&#13;\n    <\/div>\n<p><script type=\"text\/javascript\">jQuery(document).ready(function () {\n(function(d, s, id) {\n    var js, fjs = d.getElementsByTagName(s)[0];\n    if (d.getElementById(id))\n        return;\n    js = d.createElement(s);\n    js.id = id;\n    js.src = \"\/\/connect.facebook.net\/az_AZ\/all.js#xfbml=1&appId=1002485763137712\";\n    fjs.parentNode.insertBefore(js, fjs);\n}(document, 'script', 'facebook-jssdk'));                \n});<\/script><\/p>\n","protected":false},"excerpt":{"rendered":"<p>&#13; &#13; &#8220;Fransa Prezidentinin bu yax\u0131nlarda Az\u0259rbaycan\u0131n beyn\u0259lxalq h\u00fcquqla probleml\u0259ri oldu\u011funa dair verdiyi b\u0259yanat yaln\u0131z g\u00fcl\u00fc\u015f do\u011fura bil\u0259r&#8221;. Millinews.az x\u0259b\u0259r verir ki, bunu Az\u0259rbaycan Prezidenti \u0130lham \u018fliyev oktyabr\u0131n 11-d\u0259 MDB-y\u0259 \u00fczv d\u00f6vl\u0259tl\u0259rin t\u0259hl\u00fck\u0259sizlik v\u0259 x\u00fcsusi xidm\u0259t orqanlar\u0131 r\u0259hb\u0259rl\u0259ri \u015euras\u0131n\u0131n 53-c\u00fc iclas\u0131n\u0131n i\u015ftirak\u00e7\u0131lar\u0131n\u0131 q\u0259bul ed\u0259rk\u0259n deyib. &#13; D\u00f6vl\u0259t ba\u015f\u00e7\u0131s\u0131 Fransadan dan\u0131\u015fanda, bu \u00f6lk\u0259nin r\u0259hb\u0259rliyinin 2020-ci ilin &hellip;<\/p>\n","protected":false},"author":1,"featured_media":1040,"comment_status":"open","ping_status":"closed","sticky":false,"template":"","format":"standard","meta":{"footnotes":""},"categories":[9],"tags":[],"class_list":["post-1039","post","type-post","status-publish","format-standard","has-post-thumbnail","hentry","category-xeber"],"_links":{"self":[{"href":"https:\/\/millitv.net\/index.php?rest_route=\/wp\/v2\/posts\/1039","targetHints":{"allow":["GET"]}}],"collection":[{"href":"https:\/\/millitv.net\/index.php?rest_route=\/wp\/v2\/posts"}],"about":[{"href":"https:\/\/millitv.net\/index.php?rest_route=\/wp\/v2\/types\/post"}],"author":[{"embeddable":true,"href":"https:\/\/millitv.net\/index.php?rest_route=\/wp\/v2\/users\/1"}],"replies":[{"embeddable":true,"href":"https:\/\/millitv.net\/index.php?rest_route=%2Fwp%2Fv2%2Fcomments&post=1039"}],"version-history":[{"count":0,"href":"https:\/\/millitv.net\/index.php?rest_route=\/wp\/v2\/posts\/1039\/revisions"}],"wp:featuredmedia":[{"embeddable":true,"href":"https:\/\/millitv.net\/index.php?rest_route=\/wp\/v2\/media\/1040"}],"wp:attachment":[{"href":"https:\/\/millitv.net\/index.php?rest_route=%2Fwp%2Fv2%2Fmedia&parent=1039"}],"wp:term":[{"taxonomy":"category","embeddable":true,"href":"https:\/\/millitv.net\/index.php?rest_route=%2Fwp%2Fv2%2Fcategories&post=1039"},{"taxonomy":"post_tag","embeddable":true,"href":"https:\/\/millitv.net\/index.php?rest_route=%2Fwp%2Fv2%2Ftags&post=1039"}],"curies":[{"name":"wp","href":"https:\/\/api.w.org\/{rel}","templated":true}]}}