{"id":10296,"date":"2024-04-04T09:57:35","date_gmt":"2024-04-04T09:57:35","guid":{"rendered":"https:\/\/millitv.net\/?p=10296"},"modified":"2024-04-04T09:57:36","modified_gmt":"2024-04-04T09:57:36","slug":"tunzal%C9%99-agayeva-t%C9%99nqid-edildi-konsert%C9%99-lut-g%C9%99lib-ozu-d%C9%99-xalq-artistidir","status":"publish","type":"post","link":"https:\/\/millitv.net\/?p=10296","title":{"rendered":"T\u00fcnzal\u0259 A\u011fayeva t\u0259nqid edildi: Konsert\u0259 l\u00fct g\u0259lib, \u00f6z\u00fc d\u0259 Xalq artistidir\u201d"},"content":{"rendered":"\n<p>M\u0259rh\u00fcm \u018fm\u0259kdar artist Ayg\u00fcn B\u0259yl\u0259rin v\u0259fat\u0131ndan sonra bir \u00e7ox s\u0259n\u0259t adamlar\u0131 onun q\u0131z\u0131na d\u0259st\u0259k \u00e7a\u011f\u0131r\u0131\u015flar\u0131 etdi.<\/p>\n\n\n\n<p>H\u0259tta ona \u00f6l\u00fcm\u00fcn\u0259 q\u0259d\u0259r Xalq artisti ad\u0131n\u0131n verilm\u0259m\u0259si m\u0259s\u0259l\u0259si d\u0259 g\u00fcnd\u0259m\u0259 g\u0259tirilib.&nbsp;<\/p>\n\n\n\n<p>\u201cCebhe.info\u201dya a\u00e7\u0131qlamas\u0131nda &nbsp;m\u00fc\u011f\u0259nni \u018fli Mir\u0259liyev Cabir Novruzun \u201cSa\u011fl\u0131\u011f\u0131nda qiym\u0259t verin insanlara\u201d s\u00f6zl\u0259rini xat\u0131rlad\u0131b:<\/p>\n\n\n\n<p>\u201cLakin Ayg\u00fcn B\u0259yl\u0259r\u0259 sa\u011fl\u0131\u011f\u0131nda layiqinc\u0259 qiym\u0259t verilm\u0259di. R\u0259hm\u0259tlik m\u0259nim q\u0131z\u0131m ya\u015f\u0131nda idi. Xalq artisti ad\u0131na \u00e7oxdan layiq idi. N\u0259y\u0259 g\u00f6r\u0259 R\u00f6y\u0259 Ayxan Xalq artisti ad\u0131n\u0131 al\u0131b, amma Ayg\u00fcn B\u0259yl\u0259r almay\u0131b? Akif \u0130slamzad\u0259 sa\u011fd\u0131r, amma Xalq artisti ad\u0131n\u0131 almay\u0131b. Efird\u0259 tam biab\u0131r\u00e7\u0131l\u0131q h\u00f6km s\u00fcr\u00fcr.<\/p>\n\n\n\n<p>M\u0259s\u0259l\u0259n, \u00fcmumiyy\u0259tl\u0259, bu T\u00fcnzal\u0259 kimdir? N\u0259 oxuyur? Oxuyand\u0131r? O d\u0259f\u0259 T\u00fcnzal\u0259 A\u011fayevan\u0131n videosuna baxd\u0131m. Yar\u0131l\u00fct, \u00e7\u0131lpaq, b\u00fct\u00fcn sin\u0259si, b\u0259d\u0259ni \u00e7\u00f6ld\u0259 konsert\u0259 g\u0259lmi\u015fdi. H\u0259l\u0259 jurnalist\u0259 deyir ki, m\u0259ni \u00e7\u0259km\u0259yin. Ba\u015fdan aya\u011fa r\u0259zal\u0259tdir. S\u0259ni \u00e7\u0259km\u0259sin n\u0259 etsin? Konsert\u0259 l\u00fct g\u0259lib, \u00f6z\u00fc d\u0259 Xalq artisdidir\u201d.<\/p>\n\n\n\n<p>\u018fli Mir\u0259liyev iddia edib ki, Xalq artisti ad\u0131n\u0131 lay\u0131q olmayan insanlar al\u0131r:<\/p>\n\n\n\n<p>\u201cM\u0259d\u0259niyy\u0259t Nazirliyind\u0259 layiq olmayan \u015f\u0259xsl\u0259r\u0259 Xalq artisti ad\u0131 verdirilir. Kiminin pulu var, kimins\u0259 adam\u0131 v\u0259 \u0259n \u0259sas\u0131 qad\u0131n m\u00fc\u011f\u0259nnil\u0259rin n\u0259l\u0259ris\u0259 varsa, onlara Xalq artisti ad\u0131n\u0131 verdirirl\u0259r\u201d.<\/p>\n","protected":false},"excerpt":{"rendered":"<p>M\u0259rh\u00fcm \u018fm\u0259kdar artist Ayg\u00fcn B\u0259yl\u0259rin v\u0259fat\u0131ndan sonra bir \u00e7ox s\u0259n\u0259t adamlar\u0131 onun q\u0131z\u0131na d\u0259st\u0259k \u00e7a\u011f\u0131r\u0131\u015flar\u0131 etdi. H\u0259tta ona \u00f6l\u00fcm\u00fcn\u0259 q\u0259d\u0259r Xalq artisti ad\u0131n\u0131n verilm\u0259m\u0259si m\u0259s\u0259l\u0259si d\u0259 g\u00fcnd\u0259m\u0259 g\u0259tirilib.&nbsp; \u201cCebhe.info\u201dya a\u00e7\u0131qlamas\u0131nda &nbsp;m\u00fc\u011f\u0259nni \u018fli Mir\u0259liyev Cabir Novruzun \u201cSa\u011fl\u0131\u011f\u0131nda qiym\u0259t verin insanlara\u201d s\u00f6zl\u0259rini xat\u0131rlad\u0131b: \u201cLakin Ayg\u00fcn B\u0259yl\u0259r\u0259 sa\u011fl\u0131\u011f\u0131nda layiqinc\u0259 qiym\u0259t verilm\u0259di. R\u0259hm\u0259tlik m\u0259nim q\u0131z\u0131m ya\u015f\u0131nda idi. Xalq artisti &hellip;<\/p>\n","protected":false},"author":1,"featured_media":10297,"comment_status":"open","ping_status":"closed","sticky":false,"template":"","format":"standard","meta":{"footnotes":""},"categories":[6],"tags":[],"class_list":["post-10296","post","type-post","status-publish","format-standard","has-post-thumbnail","hentry","category-maqazin"],"_links":{"self":[{"href":"https:\/\/millitv.net\/index.php?rest_route=\/wp\/v2\/posts\/10296","targetHints":{"allow":["GET"]}}],"collection":[{"href":"https:\/\/millitv.net\/index.php?rest_route=\/wp\/v2\/posts"}],"about":[{"href":"https:\/\/millitv.net\/index.php?rest_route=\/wp\/v2\/types\/post"}],"author":[{"embeddable":true,"href":"https:\/\/millitv.net\/index.php?rest_route=\/wp\/v2\/users\/1"}],"replies":[{"embeddable":true,"href":"https:\/\/millitv.net\/index.php?rest_route=%2Fwp%2Fv2%2Fcomments&post=10296"}],"version-history":[{"count":1,"href":"https:\/\/millitv.net\/index.php?rest_route=\/wp\/v2\/posts\/10296\/revisions"}],"predecessor-version":[{"id":10298,"href":"https:\/\/millitv.net\/index.php?rest_route=\/wp\/v2\/posts\/10296\/revisions\/10298"}],"wp:featuredmedia":[{"embeddable":true,"href":"https:\/\/millitv.net\/index.php?rest_route=\/wp\/v2\/media\/10297"}],"wp:attachment":[{"href":"https:\/\/millitv.net\/index.php?rest_route=%2Fwp%2Fv2%2Fmedia&parent=10296"}],"wp:term":[{"taxonomy":"category","embeddable":true,"href":"https:\/\/millitv.net\/index.php?rest_route=%2Fwp%2Fv2%2Fcategories&post=10296"},{"taxonomy":"post_tag","embeddable":true,"href":"https:\/\/millitv.net\/index.php?rest_route=%2Fwp%2Fv2%2Ftags&post=10296"}],"curies":[{"name":"wp","href":"https:\/\/api.w.org\/{rel}","templated":true}]}}