{"id":10274,"date":"2024-04-02T19:18:20","date_gmt":"2024-04-02T19:18:20","guid":{"rendered":"https:\/\/millitv.net\/?p=10274"},"modified":"2024-04-02T19:18:21","modified_gmt":"2024-04-02T19:18:21","slug":"m%C9%99n-ol%C9%99nd%C9%99-hec-kim-g%C9%99lm%C9%99sin-x%C9%99lv%C9%99ti-d%C9%99fn-edin-nadir-v%C9%99siyy%C9%99t-etdi-video","status":"publish","type":"post","link":"https:\/\/millitv.net\/?p=10274","title":{"rendered":"&#8220;M\u0259n \u00f6l\u0259nd\u0259 he\u00e7 kim g\u0259lm\u0259sin, x\u0259lv\u0259ti d\u0259fn edin&#8221; &#8211; Nadir v\u0259siyy\u0259t etdi &#8211; V\u0130DEO"},"content":{"rendered":"\n<p>M\u00fc\u011f\u0259nni Nadir Qafarzad\u0259 v\u0259fat\u0131ndan sonra he\u00e7 kimin onun yas\u0131na g\u0259lm\u0259sini, \u00e7\u0259kili\u015f apar\u0131lmas\u0131n\u0131 ist\u0259m\u0259diyini deyib.<\/p>\n\n\n\n<p>O, bu bar\u0259d\u0259 ARB-d\u0259 yay\u0131mlanan &#8220;Elgizl\u0259 izl\u0259&#8221; proqram\u0131nda \u00e7al\u0131\u015f\u0131b. Son g\u00fcnl\u0259r s\u0259n\u0259t al\u0259mind\u0259ki itkil\u0259rd\u0259n dan\u0131\u015faq m\u00fc\u011f\u0259nni qeyd edib:&#8221;\u0130st\u0259mir\u0259m m\u0259nim \u00f6l\u00fcm\u00fcmd\u0259n kimins\u0259 x\u0259b\u0259ri olsun. \u0130st\u0259mir\u0259m m\u0259n, g\u0259lm\u0259yin, m\u0259n\u0259 laz\u0131m deyil. G\u0259lib oturacaqlar arvadlar qeyb\u0259t, g\u0259linind\u0259n, k\u00fcr\u0259k\u0259nind\u0259n dan\u0131\u015facaq, ki\u015fil\u0259rd\u0259 harasa &#8220;leviy&#8221; getdiyind\u0259n ya da biznesind\u0259n dan\u0131\u015facaq. He\u00e7 \u00f6l\u00fcn\u00fc yada salan da olmayacaq. Bug\u00fcnk\u00fc m\u00fcasir yaslar\u0131n qaydas\u0131d\u0131r. Ona g\u00f6r\u0259 m\u0259n \u00f6l\u0259nd\u0259 he\u00e7 kimin x\u0259b\u0259ri olmas\u0131n, m\u0259nim v\u0259siyy\u0259timdir, g\u0259lib \u00e7\u0259kmiyin, qarda\u015f. Deyir\u0259m, televiziyalar, m\u0259nim ail\u0259mi dindirm\u0259yin, vermiyin. El\u0259 bilin m\u0259n d\u0259 adi insan idim, getdim. \u00d6l\u0259nd\u0259n sonra deyirl\u0259r yax\u015f\u0131 o\u011flan idi, m\u0259n indi d\u0259 yax\u015f\u0131 o\u011flanam, indi ver m\u0259n\u0259 o d\u0259y\u0259ri. \u0130st\u0259mir\u0259m, halva yem\u0259y\u0259 g\u0259lirl\u0259r d\u0259&#8221;. \/&nbsp;Millinews.az<\/p>\n\n\n\n<p><a href=\"https:\/\/ok.ru\/videoembed\/7554241202764\" target=\"_blank\" rel=\"noopener\">https:\/\/ok.ru\/videoembed\/7554241202764<\/a><\/p>\n","protected":false},"excerpt":{"rendered":"<p>M\u00fc\u011f\u0259nni Nadir Qafarzad\u0259 v\u0259fat\u0131ndan sonra he\u00e7 kimin onun yas\u0131na g\u0259lm\u0259sini, \u00e7\u0259kili\u015f apar\u0131lmas\u0131n\u0131 ist\u0259m\u0259diyini deyib. O, bu bar\u0259d\u0259 ARB-d\u0259 yay\u0131mlanan &#8220;Elgizl\u0259 izl\u0259&#8221; proqram\u0131nda \u00e7al\u0131\u015f\u0131b. Son g\u00fcnl\u0259r s\u0259n\u0259t al\u0259mind\u0259ki itkil\u0259rd\u0259n dan\u0131\u015faq m\u00fc\u011f\u0259nni qeyd edib:&#8221;\u0130st\u0259mir\u0259m m\u0259nim \u00f6l\u00fcm\u00fcmd\u0259n kimins\u0259 x\u0259b\u0259ri olsun. \u0130st\u0259mir\u0259m m\u0259n, g\u0259lm\u0259yin, m\u0259n\u0259 laz\u0131m deyil. G\u0259lib oturacaqlar arvadlar qeyb\u0259t, g\u0259linind\u0259n, k\u00fcr\u0259k\u0259nind\u0259n dan\u0131\u015facaq, ki\u015fil\u0259rd\u0259 harasa &#8220;leviy&#8221; getdiyind\u0259n ya &hellip;<\/p>\n","protected":false},"author":1,"featured_media":10275,"comment_status":"open","ping_status":"closed","sticky":false,"template":"","format":"standard","meta":{"footnotes":""},"categories":[6],"tags":[],"class_list":["post-10274","post","type-post","status-publish","format-standard","has-post-thumbnail","hentry","category-maqazin"],"_links":{"self":[{"href":"https:\/\/millitv.net\/index.php?rest_route=\/wp\/v2\/posts\/10274","targetHints":{"allow":["GET"]}}],"collection":[{"href":"https:\/\/millitv.net\/index.php?rest_route=\/wp\/v2\/posts"}],"about":[{"href":"https:\/\/millitv.net\/index.php?rest_route=\/wp\/v2\/types\/post"}],"author":[{"embeddable":true,"href":"https:\/\/millitv.net\/index.php?rest_route=\/wp\/v2\/users\/1"}],"replies":[{"embeddable":true,"href":"https:\/\/millitv.net\/index.php?rest_route=%2Fwp%2Fv2%2Fcomments&post=10274"}],"version-history":[{"count":1,"href":"https:\/\/millitv.net\/index.php?rest_route=\/wp\/v2\/posts\/10274\/revisions"}],"predecessor-version":[{"id":10276,"href":"https:\/\/millitv.net\/index.php?rest_route=\/wp\/v2\/posts\/10274\/revisions\/10276"}],"wp:featuredmedia":[{"embeddable":true,"href":"https:\/\/millitv.net\/index.php?rest_route=\/wp\/v2\/media\/10275"}],"wp:attachment":[{"href":"https:\/\/millitv.net\/index.php?rest_route=%2Fwp%2Fv2%2Fmedia&parent=10274"}],"wp:term":[{"taxonomy":"category","embeddable":true,"href":"https:\/\/millitv.net\/index.php?rest_route=%2Fwp%2Fv2%2Fcategories&post=10274"},{"taxonomy":"post_tag","embeddable":true,"href":"https:\/\/millitv.net\/index.php?rest_route=%2Fwp%2Fv2%2Ftags&post=10274"}],"curies":[{"name":"wp","href":"https:\/\/api.w.org\/{rel}","templated":true}]}}