{"id":10232,"date":"2024-04-01T07:21:37","date_gmt":"2024-04-01T07:21:37","guid":{"rendered":"https:\/\/millitv.net\/?p=10232"},"modified":"2024-04-01T07:21:39","modified_gmt":"2024-04-01T07:21:39","slug":"ata-1-yasli-qizinin-paltarina-qum-v%C9%99-das-doldurub-sumqayitdaki-hadis%C9%99nin-teferruati-foto","status":"publish","type":"post","link":"https:\/\/millitv.net\/?p=10232","title":{"rendered":"Ata 1 ya\u015fl\u0131 q\u0131z\u0131n\u0131n paltar\u0131na qum v\u0259 da\u015f doldurub\u2026 &#8211; Sumqay\u0131tdak\u0131 hadis\u0259nin T\u018fF\u018fRR\u00dcATI &#8211; FOTO"},"content":{"rendered":"\n<p>\u00d6t\u0259n g\u00fcn Sumqay\u0131tda&nbsp;d\u0259niz sahilind\u0259 1 ya\u015fl\u0131 Zeyn\u0259b Ye\u015filin meyiti a\u015fkarlan\u0131b.Ara\u015fd\u0131rmalarla 1984-c\u00fc il t\u0259v\u0259ll\u00fcdl\u00fc Ye\u015fil Ahmet Turan\u0131n \u00f6vlad\u0131n\u0131 suda bo\u011faraq q\u0259sd\u0259n \u00f6ld\u00fcrm\u0259sin\u0259 \u0259sasl\u0131 \u015f\u00fcbh\u0259l\u0259r m\u00fc\u0259yy\u0259n edilib.<\/p>\n\n\n\n<p>Lent.az&nbsp;hadis\u0259nin b\u0259zi t\u0259f\u0259rr\u00fcatlar\u0131n\u0131 \u0259ld\u0259 edib.&nbsp;<\/p>\n\n\n\n<p>M\u0259lum olub ki, T\u00fcrkiy\u0259 v\u0259t\u0259nda\u015f\u0131 olan&nbsp;Ye\u015fil Ahmet Turan u\u015fa\u011f\u0131 g\u0259zm\u0259y\u0259 aparmaq ad\u0131 il\u0259 evd\u0259n \u00e7\u0131xar\u0131b. Sonra is\u0259 o, u\u015fa\u011f\u0131 \u00f6ld\u00fcrm\u0259k \u00fc\u00e7\u00fcn d\u0259niz k\u0259nar\u0131na g\u0259tirib.&nbsp;<\/p>\n\n\n\n<p>Atas\u0131&nbsp;k\u00f6rp\u0259ni d\u0259nizd\u0259 bo\u011fmaq m\u0259qs\u0259di il\u0259 u\u015fa\u011f\u0131n paltarlar\u0131na qum v\u0259 da\u015f doldurub v\u0259&nbsp;suya at\u0131b. N\u0259tic\u0259d\u0259 u\u015faq bo\u011fularaq \u00f6l\u00fcb.&nbsp;<\/p>\n\n\n\n<p>B\u00fct\u00fcn bunlar \u0259razid\u0259ki t\u0259hl\u00fck\u0259sizlik kameralar\u0131na da d\u00fc\u015f\u00fcb.\u00a0Haz\u0131rda faktla ba\u011fl\u0131 ara\u015fd\u0131rmalar davam etdirilir.\u00a0\u00a0<\/p>\n\n\n\n<figure class=\"wp-block-image\"><img decoding=\"async\" src=\"https:\/\/millishow.az\/uploads\/image\/min\/2024-04\/660a60370598a202404242023.jpg\" alt=\"660a60370598a202404242023\" title=\"\"><\/figure>\n\n\n\n<figure class=\"wp-block-image\"><img decoding=\"async\" src=\"https:\/\/millishow.az\/uploads\/image\/min\/2024-04\/660a60375f29d202404242023.png\" alt=\"660a60375f29d202404242023\" title=\"\"><\/figure>\n","protected":false},"excerpt":{"rendered":"<p>\u00d6t\u0259n g\u00fcn Sumqay\u0131tda&nbsp;d\u0259niz sahilind\u0259 1 ya\u015fl\u0131 Zeyn\u0259b Ye\u015filin meyiti a\u015fkarlan\u0131b.Ara\u015fd\u0131rmalarla 1984-c\u00fc il t\u0259v\u0259ll\u00fcdl\u00fc Ye\u015fil Ahmet Turan\u0131n \u00f6vlad\u0131n\u0131 suda bo\u011faraq q\u0259sd\u0259n \u00f6ld\u00fcrm\u0259sin\u0259 \u0259sasl\u0131 \u015f\u00fcbh\u0259l\u0259r m\u00fc\u0259yy\u0259n edilib. Lent.az&nbsp;hadis\u0259nin b\u0259zi t\u0259f\u0259rr\u00fcatlar\u0131n\u0131 \u0259ld\u0259 edib.&nbsp; M\u0259lum olub ki, T\u00fcrkiy\u0259 v\u0259t\u0259nda\u015f\u0131 olan&nbsp;Ye\u015fil Ahmet Turan u\u015fa\u011f\u0131 g\u0259zm\u0259y\u0259 aparmaq ad\u0131 il\u0259 evd\u0259n \u00e7\u0131xar\u0131b. Sonra is\u0259 o, u\u015fa\u011f\u0131 \u00f6ld\u00fcrm\u0259k \u00fc\u00e7\u00fcn d\u0259niz k\u0259nar\u0131na g\u0259tirib.&nbsp; Atas\u0131&nbsp;k\u00f6rp\u0259ni &hellip;<\/p>\n","protected":false},"author":1,"featured_media":10233,"comment_status":"open","ping_status":"closed","sticky":false,"template":"","format":"standard","meta":{"footnotes":""},"categories":[3],"tags":[],"class_list":["post-10232","post","type-post","status-publish","format-standard","has-post-thumbnail","hentry","category-olke"],"_links":{"self":[{"href":"https:\/\/millitv.net\/index.php?rest_route=\/wp\/v2\/posts\/10232","targetHints":{"allow":["GET"]}}],"collection":[{"href":"https:\/\/millitv.net\/index.php?rest_route=\/wp\/v2\/posts"}],"about":[{"href":"https:\/\/millitv.net\/index.php?rest_route=\/wp\/v2\/types\/post"}],"author":[{"embeddable":true,"href":"https:\/\/millitv.net\/index.php?rest_route=\/wp\/v2\/users\/1"}],"replies":[{"embeddable":true,"href":"https:\/\/millitv.net\/index.php?rest_route=%2Fwp%2Fv2%2Fcomments&post=10232"}],"version-history":[{"count":0,"href":"https:\/\/millitv.net\/index.php?rest_route=\/wp\/v2\/posts\/10232\/revisions"}],"wp:featuredmedia":[{"embeddable":true,"href":"https:\/\/millitv.net\/index.php?rest_route=\/wp\/v2\/media\/10233"}],"wp:attachment":[{"href":"https:\/\/millitv.net\/index.php?rest_route=%2Fwp%2Fv2%2Fmedia&parent=10232"}],"wp:term":[{"taxonomy":"category","embeddable":true,"href":"https:\/\/millitv.net\/index.php?rest_route=%2Fwp%2Fv2%2Fcategories&post=10232"},{"taxonomy":"post_tag","embeddable":true,"href":"https:\/\/millitv.net\/index.php?rest_route=%2Fwp%2Fv2%2Ftags&post=10232"}],"curies":[{"name":"wp","href":"https:\/\/api.w.org\/{rel}","templated":true}]}}