{"id":1023,"date":"2023-10-11T21:28:43","date_gmt":"2023-10-11T21:28:43","guid":{"rendered":"https:\/\/millinews.az\/xeber\/israild%C9%99-h%C9%99lak-olan-az%C9%99rbaycanlilarin-kimliyi-m%C9%99lum-oldu-adlar-Millinews.az\/"},"modified":"2023-10-11T21:28:43","modified_gmt":"2023-10-11T21:28:43","slug":"israild%C9%99-h%C9%99lak-olan-az%C9%99rbaycanlilarin-kimliyi-m%C9%99lum-oldu-adlar-Millinews.az","status":"publish","type":"post","link":"https:\/\/millitv.net\/?p=1023","title":{"rendered":"\u0130sraild\u0259 h\u0259lak olan az\u0259rbaycanl\u0131lar\u0131n kimliyi m\u0259lum oldu \u2013\u00a0ADLAR \u2013 Millinews.az"},"content":{"rendered":"<div id=\"the-post\">\n<div class=\"featured-area\">\n<div class=\"featured-area-inner\">\n<figure class=\"single-featured-image\"><img loading=\"lazy\" width=\"628\" height=\"340\" src=\"https:\/\/Millinews.az.net\/wp-content\/uploads\/2023\/10\/israel_attack_081023.jpg\" class=\"attachment-jannah-image-post size-jannah-image-post wp-post-image\" alt=\"\" decoding=\"async\" data-main-img=\"1\" srcset=\"https:\/\/Millinews.az.net\/wp-content\/uploads\/2023\/10\/israel_attack_081023.jpg 628w, https:\/\/Millinews.az.net\/wp-content\/uploads\/2023\/10\/israel_attack_081023-300x162.jpg 300w\" sizes=\"auto, (max-width: 628px) 100vw, 628px\" title=\"\"><\/figure>\n<\/div>\n<\/div>\n<p><!-- .entry-header-outer \/--><\/p>\n<div class=\"entry-content entry clearfix\">\n<p>\u0130sraild\u0259 h\u0259lak olan az\u0259rbaycanl\u0131lar\u0131n kimliyi m\u0259lum olub.<\/p>\n<p>Bu bar\u0259d\u0259 Az\u0259rbaycan Xarici \u0130\u015fl\u0259r Nazirliyind\u0259n bildirilib.<\/p>\n<p>\u015eamil Abbasov \u2013 \u0130srail v\u0259t\u0259nda\u015f\u0131.<\/p>\n<p>Emin Axundov \u2013 \u0130srail v\u0259t\u0259nda\u015f\u0131<\/p>\n<p>Roman Qandel \u2013 \u0130srail v\u0259t\u0259nda\u015f\u0131<\/p>\n<p>Elkin Nezerov \u2013 \u0130kili v\u0259t\u0259nda\u015f<\/p>\n<p>Qeyd ed\u0259k ki, \u0130sraild\u0259 H\u018fMAS-\u0131n h\u00fccumlar\u0131 n\u0259tic\u0259sind\u0259 1 Az\u0259rbaycan v\u0259t\u0259nda\u015f\u0131 h\u0259lak olub. H\u0259lak olanlar aras\u0131nda Az\u0259rbaycandan \u0130srail\u0259 k\u00f6\u00e7m\u00fc\u015f y\u0259hudi\u0259silli 3 \u015f\u0259xs d\u0259 var.<\/p>\n<p>Xat\u0131rladaq ki, oktyabr\u0131n 7-d\u0259 s\u0259h\u0259r saatlar\u0131nda \u0130srail \u0259razisi Q\u0259zza zola\u011f\u0131ndan raket at\u0259\u015fin\u0259 tutulub. N\u0259tic\u0259d\u0259 \u00f6l\u0259nl\u0259rin say\u0131 1200-\u00fc ke\u00e7ib, 2500-\u0259 yax\u0131n\u0131 yaralan\u0131b. \u0130srail ordusu \u201cm\u00fcharib\u0259 haz\u0131rl\u0131\u011f\u0131 v\u0259ziyy\u0259ti\u201d elan edib v\u0259 cavab olaraq \u201cD\u0259mir Q\u0131l\u0131nclar\u201d \u0259m\u0259liyyat\u0131na ba\u015flad\u0131\u011f\u0131n\u0131 bildirib.<\/p>\n<p><!-- AI CONTENT END 1 --><\/p><\/div>\n<p><!-- .entry-content \/--><\/p>\n<p>\t\t<!-- .share-buttons \/--><\/p><\/div>\n","protected":false},"excerpt":{"rendered":"<p>\u0130sraild\u0259 h\u0259lak olan az\u0259rbaycanl\u0131lar\u0131n kimliyi m\u0259lum olub. Bu bar\u0259d\u0259 Az\u0259rbaycan Xarici \u0130\u015fl\u0259r Nazirliyind\u0259n bildirilib. \u015eamil Abbasov \u2013 \u0130srail v\u0259t\u0259nda\u015f\u0131. Emin Axundov \u2013 \u0130srail v\u0259t\u0259nda\u015f\u0131 Roman Qandel \u2013 \u0130srail v\u0259t\u0259nda\u015f\u0131 Elkin Nezerov \u2013 \u0130kili v\u0259t\u0259nda\u015f Qeyd ed\u0259k ki, \u0130sraild\u0259 H\u018fMAS-\u0131n h\u00fccumlar\u0131 n\u0259tic\u0259sind\u0259 1 Az\u0259rbaycan v\u0259t\u0259nda\u015f\u0131 h\u0259lak olub. H\u0259lak olanlar aras\u0131nda Az\u0259rbaycandan \u0130srail\u0259 k\u00f6\u00e7m\u00fc\u015f y\u0259hudi\u0259silli 3 \u015f\u0259xs &hellip;<\/p>\n","protected":false},"author":1,"featured_media":1024,"comment_status":"open","ping_status":"closed","sticky":false,"template":"","format":"standard","meta":{"footnotes":""},"categories":[9],"tags":[],"class_list":["post-1023","post","type-post","status-publish","format-standard","has-post-thumbnail","hentry","category-xeber"],"_links":{"self":[{"href":"https:\/\/millitv.net\/index.php?rest_route=\/wp\/v2\/posts\/1023","targetHints":{"allow":["GET"]}}],"collection":[{"href":"https:\/\/millitv.net\/index.php?rest_route=\/wp\/v2\/posts"}],"about":[{"href":"https:\/\/millitv.net\/index.php?rest_route=\/wp\/v2\/types\/post"}],"author":[{"embeddable":true,"href":"https:\/\/millitv.net\/index.php?rest_route=\/wp\/v2\/users\/1"}],"replies":[{"embeddable":true,"href":"https:\/\/millitv.net\/index.php?rest_route=%2Fwp%2Fv2%2Fcomments&post=1023"}],"version-history":[{"count":0,"href":"https:\/\/millitv.net\/index.php?rest_route=\/wp\/v2\/posts\/1023\/revisions"}],"wp:featuredmedia":[{"embeddable":true,"href":"https:\/\/millitv.net\/index.php?rest_route=\/wp\/v2\/media\/1024"}],"wp:attachment":[{"href":"https:\/\/millitv.net\/index.php?rest_route=%2Fwp%2Fv2%2Fmedia&parent=1023"}],"wp:term":[{"taxonomy":"category","embeddable":true,"href":"https:\/\/millitv.net\/index.php?rest_route=%2Fwp%2Fv2%2Fcategories&post=1023"},{"taxonomy":"post_tag","embeddable":true,"href":"https:\/\/millitv.net\/index.php?rest_route=%2Fwp%2Fv2%2Ftags&post=1023"}],"curies":[{"name":"wp","href":"https:\/\/api.w.org\/{rel}","templated":true}]}}