{"id":1015,"date":"2023-10-11T21:14:18","date_gmt":"2023-10-11T21:14:18","guid":{"rendered":"https:\/\/millinews.az\/xeber\/xin-az%C9%99rbaycana-qarsi-s%C9%99sl%C9%99ndirdil%C9%99n-%C9%99sassiz-iddialari-r%C9%99dd-etdi\/"},"modified":"2023-10-11T21:14:18","modified_gmt":"2023-10-11T21:14:18","slug":"xin-az%C9%99rbaycana-qarsi-s%C9%99sl%C9%99ndirdil%C9%99n-%C9%99sassiz-iddialari-r%C9%99dd-etdi","status":"publish","type":"post","link":"https:\/\/millitv.net\/?p=1015","title":{"rendered":"X\u0130N Az\u0259rbaycana qar\u015f\u0131 s\u0259sl\u0259ndirdil\u0259n \u0259sass\u0131z iddialar\u0131 r\u0259dd etdi"},"content":{"rendered":"<div id=\"maincontent\">&#13;<br \/>\n        &#13;<\/p>\n<p><strong>Fransan\u0131n Avropa v\u0259 xarici i\u015fl\u0259r naziri Katrin Kolonan\u0131n Senatda \u00e7\u0131x\u0131\u015f\u0131 zaman\u0131 Az\u0259rbaycana qar\u015f\u0131 s\u0259sl\u0259ndirdiyi \u0259sass\u0131z iddialar\u0131 q\u0259tiyy\u0259tl\u0259 pisl\u0259yir v\u0259 r\u0259dd edirik.<\/strong><\/p>\n<p><a href=\"https:\/\/Millinews.az\" target=\"_blank\" class=\"kw-link\" rel=\"noopener\">Millinews.az<\/a> x\u0259b\u0259r verir ki, bu bar\u0259d\u0259 Az\u0259rbaycan Xarici \u0130\u015fl\u0259r Nazirliyinin Fransan\u0131n Avropa v\u0259 xarici i\u015fl\u0259r naziri Katrin Kolonan\u0131n Fransa Senat\u0131nda \u00e7\u0131x\u0131\u015f\u0131 zaman\u0131 s\u0259sl\u0259ndirdiyi iddialara dair \u015f\u0259rhind\u0259 deyilir. &#13;\n<\/p>\n<p>Bildirilir ki, Fransa nazirinin Az\u0259rbaycan\u0131n Qaraba\u011f b\u00f6lg\u0259sini he\u00e7 bir g\u00fcc t\u0259tbiq edilm\u0259d\u0259n, k\u00f6n\u00fcll\u00fc \u015f\u0259kild\u0259 t\u0259rk ed\u0259n erm\u0259nil\u0259rin Erm\u0259nistanda yerl\u0259\u015fm\u0259sinin guya Az\u0259rbaycan t\u0259r\u0259find\u0259n planla\u015fd\u0131r\u0131ld\u0131\u011f\u0131 iddias\u0131n\u0131 s\u0259sl\u0259ndirm\u0259si Fransan\u0131n beyn\u0259lxalq t\u0259\u015fkilatlar\u0131n r\u0259yinin, h\u0259tta Erm\u0259nistan ba\u015f nazirinin 21 sentyabr tarixli b\u0259yanat\u0131n\u0131n \u0259ksin\u0259, \u00f6z m\u0259krli v\u0259 x\u0259yalp\u0259r\u0259st siyas\u0259tl\u0259rini davam etdirm\u0259k mara\u011f\u0131ndan \u00e7\u0131x\u0131\u015f etdiyini g\u00f6st\u0259rir.<\/p>\n<p>H\u0259m\u00e7inin vur\u011fulan\u0131r ki, \u00f6z qanl\u0131 m\u00fcst\u0259ml\u0259k\u0259\u00e7iliyi v\u0259 vasit\u0259\u00e7iliyi d\u00f6n\u0259mind\u0259 i\u015f\u011fal\u00e7\u0131 t\u0259r\u0259f olan Erm\u0259nistan\u0131 d\u0259st\u0259kl\u0259y\u0259n Fransan\u0131n indi \u0259dal\u0259td\u0259n v\u0259 beyn\u0259lxalq h\u00fcquqdan dan\u0131\u015fmas\u0131 q\u0259buledilm\u0259zdir.<\/p>\n<p>&#8220;Az\u0259rbaycan \u0259razil\u0259rinin i\u015f\u011faldan azad edilm\u0259sini, i\u015f\u011fal\u00e7\u0131 q\u00fcvv\u0259l\u0259rin qeyd-\u015f\u0259rtsiz, tam v\u0259 d\u0259rhal \u00e7\u0131xmas\u0131n\u0131, m\u0259cburi k\u00f6\u00e7k\u00fcnl\u0259rin \u00f6z evl\u0259rin\u0259 qay\u0131tmas\u0131n\u0131 t\u0259l\u0259b ed\u0259n BMT T\u0259hl\u00fck\u0259sizlik \u015euras\u0131n\u0131n d\u00f6rd q\u0259tnam\u0259sinin 27 il \u0259rzind\u0259 icras\u0131n\u0131 t\u0259min etm\u0259k istiqam\u0259tind\u0259 he\u00e7 bir add\u0131m atmayan Fransan\u0131n indi Az\u0259rbaycana qar\u015f\u0131 q\u0259tnam\u0259 q\u0259buluna \u00e7a\u011f\u0131r\u0131\u015f etm\u0259si riyakarl\u0131q n\u00fcmun\u0259sidir.<\/p>\n<p>44 g\u00fcnl\u00fck V\u0259t\u0259n m\u00fcharib\u0259sind\u0259n sonra son \u00fc\u00e7 il \u0259rzind\u0259 Fransa t\u0259r\u0259fi \u0259sass\u0131z BMT T\u0259hl\u00fck\u0259sizlik \u015euras\u0131 t\u0259\u015f\u0259bb\u00fcsl\u0259ri il\u0259 \u00e7\u0131x\u0131\u015f etm\u0259k \u0259v\u0259zin\u0259 qanunsuz f\u0259aliyy\u0259t\u0259 son qoyulmas\u0131 v\u0259 erm\u0259ni silahl\u0131 q\u00fcvv\u0259l\u0259rin \u0259razil\u0259rimizd\u0259n \u00e7\u0131xar\u0131lmas\u0131 m\u0259qs\u0259dil\u0259 Erm\u0259nistana d\u00fczg\u00fcn istiqam\u0259t vers\u0259ydi, bu, b\u00f6lg\u0259d\u0259 s\u00fclh v\u0259 t\u0259hl\u00fck\u0259sizliy\u0259 \u0259sl t\u00f6hf\u0259 olard\u0131.<\/p>\n<p>Fransa t\u0259r\u0259fin\u0259 bir daha xat\u0131rlad\u0131r\u0131q ki, Az\u0259rbaycanla t\u0259hdid v\u0259 t\u0259zyiq dili il\u0259 dan\u0131\u015fmaq he\u00e7 bir n\u0259tic\u0259 ver\u0259 bilm\u0259z v\u0259 bu kimi destruktiv \u0259m\u0259ll\u0259r\u0259 d\u0259rhal son qoyulmal\u0131d\u0131r.<\/p>\n<p>\u00d6lk\u0259mizin suverenliyi v\u0259 \u0259razi b\u00fct\u00f6vl\u00fcy\u00fcn\u0259 qar\u015f\u0131 b\u00fct\u00fcn add\u0131mlar\u0131n qar\u015f\u0131s\u0131 q\u0259tiyy\u0259tl\u0259 al\u0131nacaqd\u0131r&#8221;, &#8211; \u015f\u0259rhd\u0259 qeyd edilir.&#13;<br \/>\n        &#13;<br \/>\n&#13;<br \/>\n        &#13;<br \/>\n&#13;\n        <\/p>\n<p><noscript><\/p>\n<p>You must enable Javascript on your browser for the site to work optimally and display sections completely.<\/p>\n<p><\/noscript>\t\t&#13;<br \/>\n\t\t&#13;\n    <\/div>\n<p><script type=\"text\/javascript\">jQuery(document).ready(function () {\n(function(d, s, id) {\n    var js, fjs = d.getElementsByTagName(s)[0];\n    if (d.getElementById(id))\n        return;\n    js = d.createElement(s);\n    js.id = id;\n    js.src = \"\/\/connect.facebook.net\/az_AZ\/all.js#xfbml=1&appId=1002485763137712\";\n    fjs.parentNode.insertBefore(js, fjs);\n}(document, 'script', 'facebook-jssdk'));                \n});<\/script><\/p>\n","protected":false},"excerpt":{"rendered":"<p>&#13; &#13; Fransan\u0131n Avropa v\u0259 xarici i\u015fl\u0259r naziri Katrin Kolonan\u0131n Senatda \u00e7\u0131x\u0131\u015f\u0131 zaman\u0131 Az\u0259rbaycana qar\u015f\u0131 s\u0259sl\u0259ndirdiyi \u0259sass\u0131z iddialar\u0131 q\u0259tiyy\u0259tl\u0259 pisl\u0259yir v\u0259 r\u0259dd edirik. Millinews.az x\u0259b\u0259r verir ki, bu bar\u0259d\u0259 Az\u0259rbaycan Xarici \u0130\u015fl\u0259r Nazirliyinin Fransan\u0131n Avropa v\u0259 xarici i\u015fl\u0259r naziri Katrin Kolonan\u0131n Fransa Senat\u0131nda \u00e7\u0131x\u0131\u015f\u0131 zaman\u0131 s\u0259sl\u0259ndirdiyi iddialara dair \u015f\u0259rhind\u0259 deyilir. &#13; Bildirilir ki, Fransa nazirinin &hellip;<\/p>\n","protected":false},"author":1,"featured_media":1016,"comment_status":"open","ping_status":"closed","sticky":false,"template":"","format":"standard","meta":{"footnotes":""},"categories":[9],"tags":[],"class_list":["post-1015","post","type-post","status-publish","format-standard","has-post-thumbnail","hentry","category-xeber"],"_links":{"self":[{"href":"https:\/\/millitv.net\/index.php?rest_route=\/wp\/v2\/posts\/1015","targetHints":{"allow":["GET"]}}],"collection":[{"href":"https:\/\/millitv.net\/index.php?rest_route=\/wp\/v2\/posts"}],"about":[{"href":"https:\/\/millitv.net\/index.php?rest_route=\/wp\/v2\/types\/post"}],"author":[{"embeddable":true,"href":"https:\/\/millitv.net\/index.php?rest_route=\/wp\/v2\/users\/1"}],"replies":[{"embeddable":true,"href":"https:\/\/millitv.net\/index.php?rest_route=%2Fwp%2Fv2%2Fcomments&post=1015"}],"version-history":[{"count":0,"href":"https:\/\/millitv.net\/index.php?rest_route=\/wp\/v2\/posts\/1015\/revisions"}],"wp:featuredmedia":[{"embeddable":true,"href":"https:\/\/millitv.net\/index.php?rest_route=\/wp\/v2\/media\/1016"}],"wp:attachment":[{"href":"https:\/\/millitv.net\/index.php?rest_route=%2Fwp%2Fv2%2Fmedia&parent=1015"}],"wp:term":[{"taxonomy":"category","embeddable":true,"href":"https:\/\/millitv.net\/index.php?rest_route=%2Fwp%2Fv2%2Fcategories&post=1015"},{"taxonomy":"post_tag","embeddable":true,"href":"https:\/\/millitv.net\/index.php?rest_route=%2Fwp%2Fv2%2Ftags&post=1015"}],"curies":[{"name":"wp","href":"https:\/\/api.w.org\/{rel}","templated":true}]}}