{"id":10115,"date":"2024-03-27T16:24:34","date_gmt":"2024-03-27T16:24:34","guid":{"rendered":"https:\/\/millitv.net\/?p=10115"},"modified":"2024-03-27T16:24:36","modified_gmt":"2024-03-27T16:24:36","slug":"s%C9%99hid-bacisina-yuks%C9%99k-v%C9%99zif%C9%99-verildi-foto","status":"publish","type":"post","link":"https:\/\/millitv.net\/?p=10115","title":{"rendered":"\u015e\u0259hid bac\u0131s\u0131na y\u00fcks\u0259k v\u0259zif\u0259 verildi &#8211; FOTO"},"content":{"rendered":"\n<p>Zaqatala \u015f\u0259h\u0259r Z\u0259f\u0259r Murtuz\u0259liyev ad\u0131na 1 n\u00f6mr\u0259li tam orta m\u0259kt\u0259bin direktoru Mehpar\u0259 Murtuz\u0259liyeva Balak\u0259n rayon t\u0259hsil sektorunun m\u00fcdiri v\u0259zif\u0259sin\u0259 t\u0259yin olunub.<\/p>\n\n\n\n<p>Bu bar\u0259d\u0259 \u015e\u0259ki-Zaqatala Regional T\u0259hsil \u0130dar\u0259si m\u0259lumat yay\u0131b.<\/p>\n\n\n\n<p>Bildirilib ki, bununla ba\u011fl\u0131 \u0130dar\u0259nin m\u00fcdiri s\u0259lahiyy\u0259tl\u0259rini icra ed\u0259n, m\u00fcdir m\u00fcavini G\u00fcnay Mahmudova m\u00fcvafiq \u0259mr imzalay\u0131b.<\/p>\n\n\n\n<p>Qeyd ed\u0259k ki, \u201cT\u0259r\u0259qqi\u201d medall\u0131 Mehpar\u0259 Murtuz\u0259liyeva uzun ill\u0259r \u015f\u0259hid qarda\u015f\u0131n\u0131n ad\u0131n\u0131 da\u015f\u0131d\u0131\u011f\u0131 tam orta m\u0259kt\u0259bd\u0259 m\u00fc\u0259llim kimi \u00e7al\u0131\u015f\u0131b. 2022-ci ilin noyabr ay\u0131nda is\u0259 Elm v\u0259 T\u0259hsil Nazirinin \u0259mri il\u0259 h\u0259min m\u0259kt\u0259b\u0259 direktor t\u0259yin edilib.<\/p>\n","protected":false},"excerpt":{"rendered":"<p>Zaqatala \u015f\u0259h\u0259r Z\u0259f\u0259r Murtuz\u0259liyev ad\u0131na 1 n\u00f6mr\u0259li tam orta m\u0259kt\u0259bin direktoru Mehpar\u0259 Murtuz\u0259liyeva Balak\u0259n rayon t\u0259hsil sektorunun m\u00fcdiri v\u0259zif\u0259sin\u0259 t\u0259yin olunub. Bu bar\u0259d\u0259 \u015e\u0259ki-Zaqatala Regional T\u0259hsil \u0130dar\u0259si m\u0259lumat yay\u0131b. Bildirilib ki, bununla ba\u011fl\u0131 \u0130dar\u0259nin m\u00fcdiri s\u0259lahiyy\u0259tl\u0259rini icra ed\u0259n, m\u00fcdir m\u00fcavini G\u00fcnay Mahmudova m\u00fcvafiq \u0259mr imzalay\u0131b. Qeyd ed\u0259k ki, \u201cT\u0259r\u0259qqi\u201d medall\u0131 Mehpar\u0259 Murtuz\u0259liyeva uzun ill\u0259r \u015f\u0259hid &hellip;<\/p>\n","protected":false},"author":1,"featured_media":10116,"comment_status":"open","ping_status":"closed","sticky":false,"template":"","format":"standard","meta":{"footnotes":""},"categories":[3],"tags":[],"class_list":["post-10115","post","type-post","status-publish","format-standard","has-post-thumbnail","hentry","category-olke"],"_links":{"self":[{"href":"https:\/\/millitv.net\/index.php?rest_route=\/wp\/v2\/posts\/10115","targetHints":{"allow":["GET"]}}],"collection":[{"href":"https:\/\/millitv.net\/index.php?rest_route=\/wp\/v2\/posts"}],"about":[{"href":"https:\/\/millitv.net\/index.php?rest_route=\/wp\/v2\/types\/post"}],"author":[{"embeddable":true,"href":"https:\/\/millitv.net\/index.php?rest_route=\/wp\/v2\/users\/1"}],"replies":[{"embeddable":true,"href":"https:\/\/millitv.net\/index.php?rest_route=%2Fwp%2Fv2%2Fcomments&post=10115"}],"version-history":[{"count":0,"href":"https:\/\/millitv.net\/index.php?rest_route=\/wp\/v2\/posts\/10115\/revisions"}],"wp:featuredmedia":[{"embeddable":true,"href":"https:\/\/millitv.net\/index.php?rest_route=\/wp\/v2\/media\/10116"}],"wp:attachment":[{"href":"https:\/\/millitv.net\/index.php?rest_route=%2Fwp%2Fv2%2Fmedia&parent=10115"}],"wp:term":[{"taxonomy":"category","embeddable":true,"href":"https:\/\/millitv.net\/index.php?rest_route=%2Fwp%2Fv2%2Fcategories&post=10115"},{"taxonomy":"post_tag","embeddable":true,"href":"https:\/\/millitv.net\/index.php?rest_route=%2Fwp%2Fv2%2Ftags&post=10115"}],"curies":[{"name":"wp","href":"https:\/\/api.w.org\/{rel}","templated":true}]}}