{"id":10113,"date":"2024-03-27T09:28:33","date_gmt":"2024-03-27T09:28:33","guid":{"rendered":"https:\/\/millitv.net\/?p=10113"},"modified":"2024-03-27T09:28:35","modified_gmt":"2024-03-27T09:28:35","slug":"qizimin-evl%C9%99nm%C9%99d%C9%99n-yaxinliq-etm%C9%99sin%C9%99-raziyam-m%C9%99shur-aparici","status":"publish","type":"post","link":"https:\/\/millitv.net\/?p=10113","title":{"rendered":"&#8220;Q\u0131z\u0131m\u0131n evl\u0259nm\u0259d\u0259n yax\u0131nl\u0131q etm\u0259sin\u0259 raz\u0131yam&#8221; &#8211; M\u0259\u015fhur apar\u0131c\u0131"},"content":{"rendered":"\n<p><strong>Baku TV-d\u0259 yay\u0131mlanan &#8220;Qapqara&#8221; verili\u015finin yeni burax\u0131l\u0131\u015f\u0131 efir\u0259 gedib.<\/strong><\/p>\n\n\n\n<p>Verili\u015fin bud\u0259f\u0259ki say\u0131n\u0131n qona\u011f\u0131 teleapar\u0131c\u0131, bloger S\u0259ma Abiyeva olub. Son ill\u0259rd\u0259 \u00e7ox d\u0259yi\u015fdiyini dey\u0259n bloger qeyd edib ki, valideynl\u0259ri onun bu hal\u0131n\u0131 q\u0259bul ed\u0259 bilmir:<\/p>\n\n\n\n<p>&#8220;Valideynl\u0259rimin b\u00f6y\u00fck \u00f6vlad\u0131 olmu\u015fam. O\u011ful olmayan ail\u0259d\u0259 b\u00f6y\u00fck bac\u0131 idim. Bir m\u00fcdd\u0259td\u0259n sonra ba\u015fa d\u00fc\u015fd\u00fcm ki, m\u0259n ail\u0259nin h\u0259m b\u00f6y\u00fck \u00f6vlad\u0131, h\u0259m d\u0259 o\u011fluyam. Etirazlar\u0131m, \u00fcsyanlar\u0131m valideynl\u0259rim\u0259 q\u0259rib\u0259 g\u0259lirdi. 35 ya\u015f\u0131nda olan S\u0259man\u0131 tan\u0131ya bilmirdil\u0259r. Deyirdil\u0259r ki, niy\u0259 bel\u0259 rahat geyinirs\u0259n, yaxud niy\u0259 filan m\u00f6vzulardan dan\u0131\u015f\u0131rsan?&#8221;.<\/p>\n\n\n\n<p>Teleapar\u0131c\u0131 h\u0259yat\u0131n\u0131n d\u00f6n\u00fc\u015f n\u00f6qt\u0259si hesab etdiyi hadis\u0259d\u0259n d\u0259 b\u0259hs edib:<\/p>\n\n\n\n<p>&#8220;2010-cu ild\u0259 \u00e7ox a\u011f\u0131r bir hadis\u0259 ya\u015fad\u0131m. \u00dcz\u00fcm iflic olmu\u015fdu. Ba\u015fa d\u00fc\u015fd\u00fcm ki, m\u0259nas\u0131z yer\u0259 f\u0259dakarl\u0131q edir\u0259m. Fikirl\u0259\u015fdim ki, m\u0259nim x\u0259yal\u0131m olan, u\u015faql\u0131qdan arzusunda oldu\u011fum jurnalistlik i\u015fini g\u00f6r\u0259 bilm\u0259y\u0259c\u0259y\u0259m. Bir ay m\u00fcdd\u0259tind\u0259 m\u00fcalic\u0259 olundum v\u0259 he\u00e7 kim\u0259 dem\u0259d\u0259n d\u0259rman \u015firk\u0259tind\u0259 i\u015f\u0259 ba\u015flad\u0131m&#8221;.<\/p>\n\n\n\n<p>S.Abiyeva qad\u0131nla ki\u015finin evl\u0259nm\u0259d\u0259n yax\u0131nl\u0131q etm\u0259sin\u0259 m\u00fcnasib\u0259tinin normal oldu\u011funu deyib:<\/p>\n\n\n\n<p>&#8220;B\u0259z\u0259n yaz\u0131rlar ki, q\u0131z\u0131n\u0131n ail\u0259 qurmadan kiminl\u0259s\u0259 yax\u0131nl\u0131\u011f\u0131 olmas\u0131na raz\u0131 olarsan? B\u0259li, d\u00fczg\u00fcn se\u00e7im etm\u0259k, h\u0259m d\u0259 \u00f6z\u00fcn\u00fc tan\u0131maq \u00fc\u00e7\u00fcn bu olmal\u0131d\u0131r. Sabah &#8220;geri yolum yoxdur, k\u0259f\u0259nl\u0259 qay\u0131da bil\u0259r\u0259m&#8221; fikrin\u0259 d\u00fc\u015fm\u0259m\u0259lidir. Onda xo\u015fb\u0259xt olacaq. \u0130st\u0259m\u0259s\u0259, he\u00e7 vaxt evl\u0259nm\u0259sin. M\u0259n n\u0259n\u0259 olum dey\u0259 \u00f6vladlar\u0131m valideyn olmal\u0131 deyil&#8221;.<\/p>\n","protected":false},"excerpt":{"rendered":"<p>Baku TV-d\u0259 yay\u0131mlanan &#8220;Qapqara&#8221; verili\u015finin yeni burax\u0131l\u0131\u015f\u0131 efir\u0259 gedib. Verili\u015fin bud\u0259f\u0259ki say\u0131n\u0131n qona\u011f\u0131 teleapar\u0131c\u0131, bloger S\u0259ma Abiyeva olub. Son ill\u0259rd\u0259 \u00e7ox d\u0259yi\u015fdiyini dey\u0259n bloger qeyd edib ki, valideynl\u0259ri onun bu hal\u0131n\u0131 q\u0259bul ed\u0259 bilmir: &#8220;Valideynl\u0259rimin b\u00f6y\u00fck \u00f6vlad\u0131 olmu\u015fam. O\u011ful olmayan ail\u0259d\u0259 b\u00f6y\u00fck bac\u0131 idim. Bir m\u00fcdd\u0259td\u0259n sonra ba\u015fa d\u00fc\u015fd\u00fcm ki, m\u0259n ail\u0259nin h\u0259m b\u00f6y\u00fck \u00f6vlad\u0131, &hellip;<\/p>\n","protected":false},"author":1,"featured_media":10101,"comment_status":"open","ping_status":"closed","sticky":false,"template":"","format":"standard","meta":{"footnotes":""},"categories":[6],"tags":[],"class_list":["post-10113","post","type-post","status-publish","format-standard","has-post-thumbnail","hentry","category-maqazin"],"_links":{"self":[{"href":"https:\/\/millitv.net\/index.php?rest_route=\/wp\/v2\/posts\/10113","targetHints":{"allow":["GET"]}}],"collection":[{"href":"https:\/\/millitv.net\/index.php?rest_route=\/wp\/v2\/posts"}],"about":[{"href":"https:\/\/millitv.net\/index.php?rest_route=\/wp\/v2\/types\/post"}],"author":[{"embeddable":true,"href":"https:\/\/millitv.net\/index.php?rest_route=\/wp\/v2\/users\/1"}],"replies":[{"embeddable":true,"href":"https:\/\/millitv.net\/index.php?rest_route=%2Fwp%2Fv2%2Fcomments&post=10113"}],"version-history":[{"count":0,"href":"https:\/\/millitv.net\/index.php?rest_route=\/wp\/v2\/posts\/10113\/revisions"}],"wp:featuredmedia":[{"embeddable":true,"href":"https:\/\/millitv.net\/index.php?rest_route=\/wp\/v2\/media\/10101"}],"wp:attachment":[{"href":"https:\/\/millitv.net\/index.php?rest_route=%2Fwp%2Fv2%2Fmedia&parent=10113"}],"wp:term":[{"taxonomy":"category","embeddable":true,"href":"https:\/\/millitv.net\/index.php?rest_route=%2Fwp%2Fv2%2Fcategories&post=10113"},{"taxonomy":"post_tag","embeddable":true,"href":"https:\/\/millitv.net\/index.php?rest_route=%2Fwp%2Fv2%2Ftags&post=10113"}],"curies":[{"name":"wp","href":"https:\/\/api.w.org\/{rel}","templated":true}]}}