{"id":10083,"date":"2024-08-16T06:14:00","date_gmt":"2024-08-16T06:14:00","guid":{"rendered":"https:\/\/millitv.net\/?p=10083"},"modified":"2024-08-18T07:59:26","modified_gmt":"2024-08-18T07:59:26","slug":"80-yasda-da-ail%C9%99-qurmaq-olar-pis-yola-dusm%C9%99kd%C9%99ns%C9%99-5-d%C9%99f%C9%99-evl%C9%99nm%C9%99k-yaxsidir-elza","status":"publish","type":"post","link":"https:\/\/millitv.net\/?p=10083","title":{"rendered":"Pis yola d\u00fc\u015fm\u0259kd\u0259ns\u0259 5 d\u0259f\u0259 evl\u0259nm\u0259k yax\u015f\u0131d\u0131r &#8211; Elza"},"content":{"rendered":"\n<p><strong>&#8220;S\u0259hn\u0259 adamlar\u0131 ail\u0259y\u0259 yox, xalqa m\u0259xsusdurlar. Onlar 80 ya\u015f\u0131nda da ail\u0259 qura bil\u0259rl\u0259r. \u0130nsanlar var efird\u0259 deyib, el\u0259 q\u0131z alaca\u011fam ki,&nbsp;telefonu olmas\u0131n. Biri deyib, m\u00fc\u011f\u0259nni almaram, al\u0131b da. O biri qay\u0131d\u0131b, ail\u0259 da\u011f\u0131tmaram. Da\u011f\u0131d\u0131b da, bo\u015fan\u0131b da. \u0130dman\u00e7\u0131lar olub ki, deyib, m\u00fc\u011f\u0259nni q\u0131z almaram. Al\u0131b, sonra q\u0131z da onu bo\u015fay\u0131b. Flora K\u0259rimovan\u0131n bir s\u00f6z\u00fc var, pis yola getm\u0259kd\u0259ns\u0259, 5 d\u0259f\u0259 ail\u0259 qurmaq yax\u015f\u0131d\u0131r&#8221;.<\/strong><\/p>\n\n\n\n<p>Bu s\u00f6zl\u0259ri \u018fm\u0259kdar artist Elza Seyidcahan &#8220;G\u0259l, dan\u0131\u015f&#8221; verili\u015find\u0259 deyib. M\u00fc\u011f\u0259nni ail\u0259 qurmas\u0131 haqda suallar\u0131 cavabland\u0131r\u0131b. O bildirib ki, bu ya\u015fdan sonra ail\u0259 qurma\u011f\u0131 d\u00fc\u015f\u00fcnm\u00fcr.&nbsp;<ins><\/ins><\/p>\n\n\n\n<p>Bac\u0131s\u0131 il\u0259 k\u00fcsm\u0259si haqda suala &#8220;Bac\u0131lar\u0131m h\u0259r zaman yan\u0131mda olub. \u0130st\u0259yir\u0259m, bac\u0131lar\u0131m \u00f6zl\u0259ri add\u0131mlay\u0131b, u\u011fur qazans\u0131nlar. M\u0259nd\u0259n d\u0259 istedadl\u0131d\u0131rlar&#8221; cavab\u0131n\u0131 verib.&nbsp;<\/p>\n","protected":false},"excerpt":{"rendered":"<p>&#8220;S\u0259hn\u0259 adamlar\u0131 ail\u0259y\u0259 yox, xalqa m\u0259xsusdurlar. Onlar 80 ya\u015f\u0131nda da ail\u0259 qura bil\u0259rl\u0259r. \u0130nsanlar var efird\u0259 deyib, el\u0259 q\u0131z alaca\u011fam ki,&nbsp;telefonu olmas\u0131n. Biri deyib, m\u00fc\u011f\u0259nni almaram, al\u0131b da. O biri qay\u0131d\u0131b, ail\u0259 da\u011f\u0131tmaram. Da\u011f\u0131d\u0131b da, bo\u015fan\u0131b da. \u0130dman\u00e7\u0131lar olub ki, deyib, m\u00fc\u011f\u0259nni q\u0131z almaram. Al\u0131b, sonra q\u0131z da onu bo\u015fay\u0131b. Flora K\u0259rimovan\u0131n bir s\u00f6z\u00fc var, &hellip;<\/p>\n","protected":false},"author":1,"featured_media":10084,"comment_status":"open","ping_status":"closed","sticky":false,"template":"","format":"standard","meta":{"footnotes":""},"categories":[6],"tags":[],"class_list":["post-10083","post","type-post","status-publish","format-standard","has-post-thumbnail","hentry","category-maqazin"],"_links":{"self":[{"href":"https:\/\/millitv.net\/index.php?rest_route=\/wp\/v2\/posts\/10083","targetHints":{"allow":["GET"]}}],"collection":[{"href":"https:\/\/millitv.net\/index.php?rest_route=\/wp\/v2\/posts"}],"about":[{"href":"https:\/\/millitv.net\/index.php?rest_route=\/wp\/v2\/types\/post"}],"author":[{"embeddable":true,"href":"https:\/\/millitv.net\/index.php?rest_route=\/wp\/v2\/users\/1"}],"replies":[{"embeddable":true,"href":"https:\/\/millitv.net\/index.php?rest_route=%2Fwp%2Fv2%2Fcomments&post=10083"}],"version-history":[{"count":1,"href":"https:\/\/millitv.net\/index.php?rest_route=\/wp\/v2\/posts\/10083\/revisions"}],"predecessor-version":[{"id":14114,"href":"https:\/\/millitv.net\/index.php?rest_route=\/wp\/v2\/posts\/10083\/revisions\/14114"}],"wp:featuredmedia":[{"embeddable":true,"href":"https:\/\/millitv.net\/index.php?rest_route=\/wp\/v2\/media\/10084"}],"wp:attachment":[{"href":"https:\/\/millitv.net\/index.php?rest_route=%2Fwp%2Fv2%2Fmedia&parent=10083"}],"wp:term":[{"taxonomy":"category","embeddable":true,"href":"https:\/\/millitv.net\/index.php?rest_route=%2Fwp%2Fv2%2Fcategories&post=10083"},{"taxonomy":"post_tag","embeddable":true,"href":"https:\/\/millitv.net\/index.php?rest_route=%2Fwp%2Fv2%2Ftags&post=10083"}],"curies":[{"name":"wp","href":"https:\/\/api.w.org\/{rel}","templated":true}]}}