{"id":10077,"date":"2024-03-26T19:26:44","date_gmt":"2024-03-26T19:26:44","guid":{"rendered":"https:\/\/millitv.net\/?p=10077"},"modified":"2024-03-26T19:26:46","modified_gmt":"2024-03-26T19:26:46","slug":"zaur-biziml%C9%99s%C9%99n-haqqina-veril%C9%99n-q%C9%99rarin-s%C9%99b%C9%99bini-aciqladi-h%C9%99r-sey-buna-gor%C9%99-oldu-video","status":"publish","type":"post","link":"https:\/\/millitv.net\/?p=10077","title":{"rendered":"Zaur &#8220;Biziml\u0259s\u0259n&#8221; haqq\u0131na veril\u0259n q\u0259rar\u0131n s\u0259b\u0259bini a\u00e7\u0131qlad\u0131 &#8211; &#8220;H\u0259r \u015fey buna g\u00f6r\u0259 oldu&#8221; &#8211; V\u0130DEO"},"content":{"rendered":"\n<p>X\u0259b\u0259r verdiyimiz kimi apar\u0131c\u0131 Zaur Bax\u015f\u0259liyevin apar\u0131c\u0131s\u0131 oldu\u011fu \u201cBiziml\u0259s\u0259n\u201d verili\u015finin vaxt\u0131 azald\u0131l\u0131b.<\/p>\n\n\n\n<p>Bu bar\u0259d\u0259 o efird\u0259 a\u00e7\u0131qlama verib. Apar\u0131c\u0131 verili\u015fin vaxt\u0131n\u0131n azald\u0131lmas\u0131n\u0131n \u00f6z\u00fcn\u00fcn ist\u0259yi il\u0259 oldu\u011funu ir\u0259li s\u00fcr\u00fcb.<\/p>\n\n\n\n<p>\u201cM\u0259n \u00f6vladlar\u0131ma da vaxt ay\u0131rmaq ist\u0259yir\u0259m. R\u0259hb\u0259rlik d\u0259 bunu bilir, d\u0259f\u0259l\u0259rl\u0259 bu bar\u0259d\u0259 s\u00f6hb\u0259timiz olub. Sabahdan etibar\u0259n 16:30-dan 19:00-a q\u0259d\u0259r efird\u0259 olacam, bu, m\u0259n\u0259 b\u0259s ed\u0259r\u201d &#8211; Z.Bax\u015f\u0259liyev bildirib.<\/p>\n\n\n\n<p>Qeyd&nbsp;ed\u0259k ki, s\u00f6z\u00fcged\u0259n verili\u015fin \u0259vv\u0259lki efir vaxt\u0131 4 saat idi.<\/p>\n\n\n\n<p>Millinews.az<\/p>\n\n\n\n<figure class=\"wp-block-embed is-type-rich is-provider-g-mme-tutucu wp-block-embed-g-mme-tutucu wp-embed-aspect-16-9 wp-has-aspect-ratio\"><div class=\"wp-block-embed__wrapper\">\n<iframe loading=\"lazy\" title=\"Zaur Bax\u015f\u0259liyev r\u0259sm\u0259n a\u00e7\u0131qlad\u0131 - Verili\u015fin vaxt\u0131 d\u0259yi\u015fdirildi  \/Biziml\u0259s\u0259n\" width=\"500\" height=\"281\" src=\"https:\/\/www.youtube.com\/embed\/SXuylET-er8?feature=oembed\" frameborder=\"0\" allow=\"accelerometer; autoplay; clipboard-write; encrypted-media; gyroscope; picture-in-picture; web-share\" referrerpolicy=\"strict-origin-when-cross-origin\" allowfullscreen><\/iframe>\n<\/div><\/figure>\n","protected":false},"excerpt":{"rendered":"<p>X\u0259b\u0259r verdiyimiz kimi apar\u0131c\u0131 Zaur Bax\u015f\u0259liyevin apar\u0131c\u0131s\u0131 oldu\u011fu \u201cBiziml\u0259s\u0259n\u201d verili\u015finin vaxt\u0131 azald\u0131l\u0131b. Bu bar\u0259d\u0259 o efird\u0259 a\u00e7\u0131qlama verib. Apar\u0131c\u0131 verili\u015fin vaxt\u0131n\u0131n azald\u0131lmas\u0131n\u0131n \u00f6z\u00fcn\u00fcn ist\u0259yi il\u0259 oldu\u011funu ir\u0259li s\u00fcr\u00fcb. \u201cM\u0259n \u00f6vladlar\u0131ma da vaxt ay\u0131rmaq ist\u0259yir\u0259m. R\u0259hb\u0259rlik d\u0259 bunu bilir, d\u0259f\u0259l\u0259rl\u0259 bu bar\u0259d\u0259 s\u00f6hb\u0259timiz olub. Sabahdan etibar\u0259n 16:30-dan 19:00-a q\u0259d\u0259r efird\u0259 olacam, bu, m\u0259n\u0259 b\u0259s ed\u0259r\u201d &#8211; &hellip;<\/p>\n","protected":false},"author":1,"featured_media":10079,"comment_status":"open","ping_status":"closed","sticky":false,"template":"","format":"standard","meta":{"footnotes":""},"categories":[6],"tags":[],"class_list":["post-10077","post","type-post","status-publish","format-standard","has-post-thumbnail","hentry","category-maqazin"],"_links":{"self":[{"href":"https:\/\/millitv.net\/index.php?rest_route=\/wp\/v2\/posts\/10077","targetHints":{"allow":["GET"]}}],"collection":[{"href":"https:\/\/millitv.net\/index.php?rest_route=\/wp\/v2\/posts"}],"about":[{"href":"https:\/\/millitv.net\/index.php?rest_route=\/wp\/v2\/types\/post"}],"author":[{"embeddable":true,"href":"https:\/\/millitv.net\/index.php?rest_route=\/wp\/v2\/users\/1"}],"replies":[{"embeddable":true,"href":"https:\/\/millitv.net\/index.php?rest_route=%2Fwp%2Fv2%2Fcomments&post=10077"}],"version-history":[{"count":0,"href":"https:\/\/millitv.net\/index.php?rest_route=\/wp\/v2\/posts\/10077\/revisions"}],"wp:featuredmedia":[{"embeddable":true,"href":"https:\/\/millitv.net\/index.php?rest_route=\/wp\/v2\/media\/10079"}],"wp:attachment":[{"href":"https:\/\/millitv.net\/index.php?rest_route=%2Fwp%2Fv2%2Fmedia&parent=10077"}],"wp:term":[{"taxonomy":"category","embeddable":true,"href":"https:\/\/millitv.net\/index.php?rest_route=%2Fwp%2Fv2%2Fcategories&post=10077"},{"taxonomy":"post_tag","embeddable":true,"href":"https:\/\/millitv.net\/index.php?rest_route=%2Fwp%2Fv2%2Ftags&post=10077"}],"curies":[{"name":"wp","href":"https:\/\/api.w.org\/{rel}","templated":true}]}}