{"id":10067,"date":"2024-03-26T15:42:53","date_gmt":"2024-03-26T15:42:53","guid":{"rendered":"https:\/\/millitv.net\/?p=10067"},"modified":"2024-03-26T15:42:55","modified_gmt":"2024-03-26T15:42:55","slug":"bizim-xalqin-kisil%C9%99ri-qeyr%C9%99tlidir-ortaligi-qarisdiran-is%C9%99-qadindir-elnar%C9%99-abdullayeva","status":"publish","type":"post","link":"https:\/\/millitv.net\/?p=10067","title":{"rendered":"\u201cBizim xalq\u0131n ki\u015fil\u0259ri qeyr\u0259tlidir, ortal\u0131\u011f\u0131 qar\u0131\u015fd\u0131ran is\u0259 qad\u0131nd\u0131r\u201d &#8211; Elnar\u0259 Abdullayeva"},"content":{"rendered":"\n<p><strong>\u201cBir Az\u0259rbaycan ki\u015fisinin m\u0259n\u0259 qar\u015f\u0131 art\u0131q-\u0259skik dan\u0131\u015fd\u0131\u011f\u0131n\u0131 g\u00f6rm\u0259mi\u015f\u0259m. N\u0259 d\u0259 m\u0259n\u0259 art\u0131q-\u0259skik t\u0259klifi g\u00f6rm\u0259dim. M\u0259n b\u00fct\u00fcn az\u0259rbaycanl\u0131 ki\u015fil\u0259rin\u0259 qeyr\u0259tli bax\u0131ram. \u00c7\u00fcnki m\u0259niml\u0259 qeyr\u0259tl\u0259 davran\u0131rlar\u201d.<\/strong><\/p>\n\n\n\n<p>Bu s\u00f6zl\u0259ri \u018fm\u0259kdar artist Elnar\u0259 Abdullayeva qonaq oldu\u011fu \u201cD\u00fcz\u00fcn\u0259 qalsa\u201d verili\u015find\u0259 deyib.<\/p>\n\n\n\n<p>S\u0259n\u0259t\u00e7i xo\u015faq\u0259lm\u0259z h\u0259yat t\u0259rzi ke\u00e7ir\u0259n qad\u0131nlar\u0131 s\u00f6zl\u0259ri il\u0259 yerd\u0259n yer\u0259 vurub: \u201cH\u0259yatda m\u0259cburu he\u00e7 n\u0259 yoxdur. Bizim xalq\u0131n ki\u015fil\u0259ri qeyr\u0259tli, vicdanl\u0131d\u0131r. Ki\u015fi \u0259s\u0259bil\u0259\u015fib \u00e7\u0131x\u0131b ged\u0259 bil\u0259r \u00e7\u00f6l\u0259. \u00c7\u00f6ld\u0259 o ki\u015fi q\u0131z, qad\u0131n g\u00f6rm\u0259s\u0259 qoltu\u011funa pi\u015fiyi, \u00e7aqqal\u0131 vurub aparmayacaq ki, harasasa\u2026 \u00c7\u0131x\u0131b, \u0259s\u0259bil\u0259\u015fib yenid\u0259n qay\u0131dacaq evin\u0259. Ortal\u0131\u011f\u0131 qar\u0131\u015fd\u0131ran is\u0259 qad\u0131nd\u0131r. Ay qad\u0131n, s\u0259nin ax\u0131 \u00e7\u00f6ld\u0259 n\u0259 i\u015fin var ki, ki\u015fi s\u0259ni g\u00f6t\u00fcr\u00fcb harasasa apar\u0131r? H\u0259? Niy\u0259? Niy\u0259 ax\u0131 s\u0259n \u00f6z\u00fcn\u00fc bu g\u00fcn\u0259 qoyursan? M\u0259n bu c\u00fcr qad\u0131nlar\u0131 q\u0131nam\u0131ram, onlardan \u00f6tr\u00fc a\u011flay\u0131ram. Niy\u0259 ax\u0131 bir qad\u0131na ki\u015fil\u0259r altdan-yuxar\u0131 v\u0259 ya yuxar\u0131dan-a\u015fa\u011f\u0131 baxmal\u0131d\u0131r? &nbsp;Olmaz ki, \u00e7\u0259tin ya\u015fay\u0131n, amma q\u00fcr\u00fcrla ya\u015fay\u0131n v\u0259 \u00f6z\u00fcn\u00fczd\u0259n mu\u011fayat olun?!\u201d<\/p>\n","protected":false},"excerpt":{"rendered":"<p>\u201cBir Az\u0259rbaycan ki\u015fisinin m\u0259n\u0259 qar\u015f\u0131 art\u0131q-\u0259skik dan\u0131\u015fd\u0131\u011f\u0131n\u0131 g\u00f6rm\u0259mi\u015f\u0259m. N\u0259 d\u0259 m\u0259n\u0259 art\u0131q-\u0259skik t\u0259klifi g\u00f6rm\u0259dim. M\u0259n b\u00fct\u00fcn az\u0259rbaycanl\u0131 ki\u015fil\u0259rin\u0259 qeyr\u0259tli bax\u0131ram. \u00c7\u00fcnki m\u0259niml\u0259 qeyr\u0259tl\u0259 davran\u0131rlar\u201d. Bu s\u00f6zl\u0259ri \u018fm\u0259kdar artist Elnar\u0259 Abdullayeva qonaq oldu\u011fu \u201cD\u00fcz\u00fcn\u0259 qalsa\u201d verili\u015find\u0259 deyib. S\u0259n\u0259t\u00e7i xo\u015faq\u0259lm\u0259z h\u0259yat t\u0259rzi ke\u00e7ir\u0259n qad\u0131nlar\u0131 s\u00f6zl\u0259ri il\u0259 yerd\u0259n yer\u0259 vurub: \u201cH\u0259yatda m\u0259cburu he\u00e7 n\u0259 yoxdur. Bizim xalq\u0131n ki\u015fil\u0259ri &hellip;<\/p>\n","protected":false},"author":1,"featured_media":10068,"comment_status":"open","ping_status":"closed","sticky":false,"template":"","format":"standard","meta":{"footnotes":""},"categories":[6],"tags":[],"class_list":["post-10067","post","type-post","status-publish","format-standard","has-post-thumbnail","hentry","category-maqazin"],"_links":{"self":[{"href":"https:\/\/millitv.net\/index.php?rest_route=\/wp\/v2\/posts\/10067","targetHints":{"allow":["GET"]}}],"collection":[{"href":"https:\/\/millitv.net\/index.php?rest_route=\/wp\/v2\/posts"}],"about":[{"href":"https:\/\/millitv.net\/index.php?rest_route=\/wp\/v2\/types\/post"}],"author":[{"embeddable":true,"href":"https:\/\/millitv.net\/index.php?rest_route=\/wp\/v2\/users\/1"}],"replies":[{"embeddable":true,"href":"https:\/\/millitv.net\/index.php?rest_route=%2Fwp%2Fv2%2Fcomments&post=10067"}],"version-history":[{"count":0,"href":"https:\/\/millitv.net\/index.php?rest_route=\/wp\/v2\/posts\/10067\/revisions"}],"wp:featuredmedia":[{"embeddable":true,"href":"https:\/\/millitv.net\/index.php?rest_route=\/wp\/v2\/media\/10068"}],"wp:attachment":[{"href":"https:\/\/millitv.net\/index.php?rest_route=%2Fwp%2Fv2%2Fmedia&parent=10067"}],"wp:term":[{"taxonomy":"category","embeddable":true,"href":"https:\/\/millitv.net\/index.php?rest_route=%2Fwp%2Fv2%2Fcategories&post=10067"},{"taxonomy":"post_tag","embeddable":true,"href":"https:\/\/millitv.net\/index.php?rest_route=%2Fwp%2Fv2%2Ftags&post=10067"}],"curies":[{"name":"wp","href":"https:\/\/api.w.org\/{rel}","templated":true}]}}